{"id":21710,"date":"2025-02-22T13:35:59","date_gmt":"2025-02-22T10:35:59","guid":{"rendered":"https:\/\/www.egemtv.com\/?p=21710"},"modified":"2025-02-22T13:36:04","modified_gmt":"2025-02-22T10:36:04","slug":"turgutluda-cinayet-2-cocuk-babasi-kan-davasina-kurban-gitti","status":"publish","type":"post","link":"https:\/\/www.egemtv.com\/?p=21710","title":{"rendered":"Turgutlu\u2019da cinayet: 2 \u00e7ocuk babas\u0131 kan davas\u0131na kurban gitti"},"content":{"rendered":"<p>Manisa\u2019n\u0131n Turgutlu il\u00e7esinde i\u015fe gitmek i\u00e7in evinden \u00e7\u0131kan bir ki\u015fi kimli\u011fi belirsiz ki\u015fi ve ya ki\u015filer taraf\u0131ndan silahla vurularak \u00f6ld\u00fcr\u00fcld\u00fc. Olay\u0131n kan davas\u0131 cinayeti oldu\u011fu iddia edildi.<br \/>\n<br \/>Olay, Manisa\u2019n\u0131n Turgutlu il\u00e7esine ba\u011fl\u0131 Mustafa Kemal Mahallesi \u00c7a\u011flar Sokak \u00fczerinde meydana geldi. \u00c7a\u011flar Sokak \u00fczerindeki evinden sabah i\u015fe gitmek i\u00e7in \u00e7\u0131kan Rafet \u00c7eledir (40) hen\u00fcz kimli\u011fi belirlenemeyen ki\u015fi ya da ki\u015filerce silahl\u0131 sald\u0131r\u0131ya u\u011frad\u0131. Yaral\u0131 halde Turgutlu Devlet Hastanesi\u2019ne kald\u0131r\u0131lan \u00c7eledir yap\u0131lan t\u00fcm m\u00fcdahalelere ra\u011fmen kurtar\u0131lamayarak hayat\u0131n\u0131 kaybetti. Husumetlileri taraf\u0131ndan vuruldu\u011fu \u00f6\u011frenilen iki \u00e7ocuk babas\u0131 Rafet \u00c7eledir\u2019in kan davas\u0131na kurban gitti\u011fi iddia edildi. Turgutlu \u0130l\u00e7e Emniyet M\u00fcd\u00fcrl\u00fc\u011f\u00fc ekipleri taraf\u0131ndan inceleme \u00e7al\u0131\u015fmalar\u0131 s\u00fcrerken, olay yerinden ka\u00e7an \u015fah\u0131s ya da \u015fah\u0131slar\u0131 yakalamak i\u00e7in geni\u015f \u00e7apl\u0131 bir \u00e7al\u0131\u015fma ba\u015flat\u0131ld\u0131.<br \/><\/p>\n","protected":false},"excerpt":{"rendered":"<p>Manisa\u2019n\u0131n Turgutlu il\u00e7esinde i\u015fe gitmek i\u00e7in evinden \u00e7\u0131kan bir ki\u015fi kimli\u011fi belirsiz ki\u015fi ve ya ki\u015filer taraf\u0131ndan silahla vurularak \u00f6ld\u00fcr\u00fcld\u00fc. Olay\u0131n kan davas\u0131 cinayeti oldu\u011fu iddia edildi. Olay, Manisa\u2019n\u0131n Turgutlu il\u00e7esine ba\u011fl\u0131 Mustafa Kemal Mahallesi \u00c7a\u011flar Sokak \u00fczerinde meydana geldi. \u00c7a\u011flar Sokak \u00fczerindeki evinden sabah i\u015fe gitmek i\u00e7in \u00e7\u0131kan Rafet \u00c7eledir (40) hen\u00fcz kimli\u011fi belirlenemeyen&#8230;<\/p>\n","protected":false},"author":1,"featured_media":21711,"comment_status":"open","ping_status":"open","sticky":false,"template":"","format":"standard","meta":{"_crdt_document":"","footnotes":""},"categories":[5],"tags":[],"class_list":["post-21710","post","type-post","status-publish","format-standard","has-post-thumbnail","hentry","category-asayis"],"_links":{"self":[{"href":"https:\/\/www.egemtv.com\/index.php?rest_route=\/wp\/v2\/posts\/21710","targetHints":{"allow":["GET"]}}],"collection":[{"href":"https:\/\/www.egemtv.com\/index.php?rest_route=\/wp\/v2\/posts"}],"about":[{"href":"https:\/\/www.egemtv.com\/index.php?rest_route=\/wp\/v2\/types\/post"}],"author":[{"embeddable":true,"href":"https:\/\/www.egemtv.com\/index.php?rest_route=\/wp\/v2\/users\/1"}],"replies":[{"embeddable":true,"href":"https:\/\/www.egemtv.com\/index.php?rest_route=%2Fwp%2Fv2%2Fcomments&post=21710"}],"version-history":[{"count":1,"href":"https:\/\/www.egemtv.com\/index.php?rest_route=\/wp\/v2\/posts\/21710\/revisions"}],"predecessor-version":[{"id":21712,"href":"https:\/\/www.egemtv.com\/index.php?rest_route=\/wp\/v2\/posts\/21710\/revisions\/21712"}],"wp:featuredmedia":[{"embeddable":true,"href":"https:\/\/www.egemtv.com\/index.php?rest_route=\/wp\/v2\/media\/21711"}],"wp:attachment":[{"href":"https:\/\/www.egemtv.com\/index.php?rest_route=%2Fwp%2Fv2%2Fmedia&parent=21710"}],"wp:term":[{"taxonomy":"category","embeddable":true,"href":"https:\/\/www.egemtv.com\/index.php?rest_route=%2Fwp%2Fv2%2Fcategories&post=21710"},{"taxonomy":"post_tag","embeddable":true,"href":"https:\/\/www.egemtv.com\/index.php?rest_route=%2Fwp%2Fv2%2Ftags&post=21710"}],"curies":[{"name":"wp","href":"https:\/\/api.w.org\/{rel}","templated":true}]}}