{"id":21704,"date":"2025-02-22T13:20:52","date_gmt":"2025-02-22T10:20:52","guid":{"rendered":"https:\/\/www.egemtv.com\/?p=21704"},"modified":"2025-02-22T13:20:59","modified_gmt":"2025-02-22T10:20:59","slug":"ispartada-otomobil-yangini-itfaiye-ekiplerince-sonduruldu","status":"publish","type":"post","link":"https:\/\/www.egemtv.com\/?p=21704","title":{"rendered":"Isparta\u2019da otomobil yang\u0131n\u0131 itfaiye ekiplerince s\u00f6nd\u00fcr\u00fcld\u00fc"},"content":{"rendered":"<p>Isparta\u2019da seyir halindeyken aniden alev alan otomobil, itfaiye ekiplerinin m\u00fcdahalesiyle s\u00f6nd\u00fcr\u00fcld\u00fc.<br \/>\n<br \/>Yang\u0131n, gece saatlerinde Ayazmana Mahallesi\u2019nde meydana geldi. Edinilen bilgilere g\u00f6re, R\u0131za Yakup\u2019un kulland\u0131\u011f\u0131 64 DF 343 plakal\u0131 otomobilin motor k\u0131sm\u0131ndan aniden dumanlar y\u00fckselmeye ba\u015flad\u0131. Dumanlar\u0131n k\u0131sa s\u00fcrede aleve d\u00f6n\u00fc\u015ft\u00fc\u011f\u00fcn\u00fc fark eden ara\u00e7 sahibinin ihbar\u0131 \u00fczerine b\u00f6lgeye itfaiye ekipleri sevk edildi. Olay yerine gelen ekiplerin m\u00fcdahalesiyle yang\u0131n k\u0131sa s\u00fcrede s\u00f6nd\u00fcr\u00fcld\u00fc. Ancak otomobil tamamen yanarak kullan\u0131lamaz hale geldi. Ara\u00e7, \u00e7ekici yard\u0131m\u0131yla olay yerinden kald\u0131r\u0131ld\u0131.<br \/><\/p>\n","protected":false},"excerpt":{"rendered":"<p>Isparta\u2019da seyir halindeyken aniden alev alan otomobil, itfaiye ekiplerinin m\u00fcdahalesiyle s\u00f6nd\u00fcr\u00fcld\u00fc. Yang\u0131n, gece saatlerinde Ayazmana Mahallesi\u2019nde meydana geldi. Edinilen bilgilere g\u00f6re, R\u0131za Yakup\u2019un kulland\u0131\u011f\u0131 64 DF 343 plakal\u0131 otomobilin motor k\u0131sm\u0131ndan aniden dumanlar y\u00fckselmeye ba\u015flad\u0131. Dumanlar\u0131n k\u0131sa s\u00fcrede aleve d\u00f6n\u00fc\u015ft\u00fc\u011f\u00fcn\u00fc fark eden ara\u00e7 sahibinin ihbar\u0131 \u00fczerine b\u00f6lgeye itfaiye ekipleri sevk edildi. Olay yerine gelen ekiplerin&#8230;<\/p>\n","protected":false},"author":1,"featured_media":21705,"comment_status":"open","ping_status":"open","sticky":false,"template":"","format":"standard","meta":{"_crdt_document":"","footnotes":""},"categories":[5],"tags":[],"class_list":["post-21704","post","type-post","status-publish","format-standard","has-post-thumbnail","hentry","category-asayis"],"_links":{"self":[{"href":"https:\/\/www.egemtv.com\/index.php?rest_route=\/wp\/v2\/posts\/21704","targetHints":{"allow":["GET"]}}],"collection":[{"href":"https:\/\/www.egemtv.com\/index.php?rest_route=\/wp\/v2\/posts"}],"about":[{"href":"https:\/\/www.egemtv.com\/index.php?rest_route=\/wp\/v2\/types\/post"}],"author":[{"embeddable":true,"href":"https:\/\/www.egemtv.com\/index.php?rest_route=\/wp\/v2\/users\/1"}],"replies":[{"embeddable":true,"href":"https:\/\/www.egemtv.com\/index.php?rest_route=%2Fwp%2Fv2%2Fcomments&post=21704"}],"version-history":[{"count":1,"href":"https:\/\/www.egemtv.com\/index.php?rest_route=\/wp\/v2\/posts\/21704\/revisions"}],"predecessor-version":[{"id":21706,"href":"https:\/\/www.egemtv.com\/index.php?rest_route=\/wp\/v2\/posts\/21704\/revisions\/21706"}],"wp:featuredmedia":[{"embeddable":true,"href":"https:\/\/www.egemtv.com\/index.php?rest_route=\/wp\/v2\/media\/21705"}],"wp:attachment":[{"href":"https:\/\/www.egemtv.com\/index.php?rest_route=%2Fwp%2Fv2%2Fmedia&parent=21704"}],"wp:term":[{"taxonomy":"category","embeddable":true,"href":"https:\/\/www.egemtv.com\/index.php?rest_route=%2Fwp%2Fv2%2Fcategories&post=21704"},{"taxonomy":"post_tag","embeddable":true,"href":"https:\/\/www.egemtv.com\/index.php?rest_route=%2Fwp%2Fv2%2Ftags&post=21704"}],"curies":[{"name":"wp","href":"https:\/\/api.w.org\/{rel}","templated":true}]}}