{"id":21701,"date":"2025-02-22T13:13:01","date_gmt":"2025-02-22T10:13:01","guid":{"rendered":"https:\/\/www.egemtv.com\/?p=21701"},"modified":"2025-02-22T13:13:07","modified_gmt":"2025-02-22T10:13:07","slug":"karli-hava-buzla-kaplanmis-arazi-maskiye-engel-degil","status":"publish","type":"post","link":"https:\/\/www.egemtv.com\/?p=21701","title":{"rendered":"Karl\u0131 hava, buzla kaplanm\u0131\u015f arazi MASK\u0130\u2019ye engel de\u011fil"},"content":{"rendered":"<p>Manisa Su ve Kanalizasyon \u0130daresi (MASK\u0130) Genel M\u00fcd\u00fcrl\u00fc\u011f\u00fc, Akhisar il\u00e7esine ba\u011fl\u0131 Sa\u011frak\u00e7\u0131 Mahallesi\u2019nde ya\u015fanan su problemini ortadan kald\u0131rmak i\u00e7in 5 kilometrelik terfi hatt\u0131 d\u00f6\u015feme \u00e7al\u0131\u015fmas\u0131na ba\u015flad\u0131. Ekipler, S\u0131dan Da\u011f\u0131\u2019n\u0131n eteklerinde 1000 metre rak\u0131mdaki do\u011fal kaynak suyunu mahallenin i\u00e7me suyu \u015febekesine ba\u011flayacak. Kar ve buzla kapl\u0131 arazide \u00e7al\u0131\u015fmalar\u0131n\u0131 s\u00fcrd\u00fcren MASK\u0130, bir mahalleye daha yeterli su ula\u015ft\u0131racak.<br \/>\n<br \/>MASK\u0130 Genel M\u00fcd\u00fcrl\u00fc\u011f\u00fc, il genelinde alt yap\u0131 yat\u0131r\u0131mlar\u0131 ile ge\u00e7mi\u015ften gelen sorunlara \u00e7\u00f6z\u00fcm \u00fcretiyor. Bu kapsamda, \u0130\u00e7me Suyu Dairesi Ba\u015fkanl\u0131\u011f\u0131 b\u00fcnyesinde Akhisar\u2019\u0131n Sa\u011frak\u00e7\u0131 Mahallesi\u2019nde de ekiplerin \u00f6zverili \u00e7al\u0131\u015fmalar\u0131 s\u00fcr\u00fcyor. MASK\u0130, mahallede ya\u015fanan su problemini \u00e7\u00f6zmek i\u00e7in S\u0131dan Da\u011f\u0131\u2019n\u0131n eteklerinde yer alan do\u011fal kaynak suyunun i\u00e7me suyu \u015febekesine ba\u011flant\u0131s\u0131 i\u00e7in 5 kilometre hat d\u00f6\u015f\u00fcyor. \u00c7al\u0131\u015fma tamamlan\u0131nca, Sa\u011frak\u00e7\u0131 sakinlerinin tankerle su ihtiyac\u0131n\u0131 kar\u015f\u0131lama d\u00f6nemi de son bulacak.<br \/>\n<br \/>Mahalle Muhtar\u0131 Mesut Atasoy, mahallesi i\u00e7in \u00e7ok \u00f6nemli bir \u00e7al\u0131\u015fman\u0131n B\u00fcy\u00fck\u015fehir Belediye Ba\u015fkan\u0131 Ferdi Zeyrek \u00f6nc\u00fcl\u00fc\u011f\u00fcnde ba\u015flat\u0131ld\u0131\u011f\u0131na dikkat \u00e7ekerek, &#8220;\u015eu anda 1000 metre rak\u0131mda S\u0131dan Da\u011f\u0131\u2019n\u0131n ete\u011findeyiz. Do\u011fal kaynak suyumuz vard\u0131. 2019 ile 2024 y\u0131llar\u0131 aras\u0131nda getirememi\u015ftik. Ferdi Ba\u015fkan g\u00f6reve geldi\u011finde \u00e7al\u0131\u015fmalara ba\u015fland\u0131. En k\u0131sa zamanda suyumuzu bu karda, ya\u011fmurda getirmek i\u00e7in \u00e7al\u0131\u015f\u0131yorlar. 5 bin metre terfi hatt\u0131m\u0131z\u0131 i\u00e7me suyu \u015febeke hatt\u0131m\u0131za ba\u011flam\u0131\u015f olaca\u011f\u0131z. Ferdi Ba\u015fkan\u0131ma \u00e7ok te\u015fekk\u00fcr ederim&#8221; dedi.<br \/>\n<br \/>Mahalle sakini Muharrem Ak\u0131nc\u0131, &#8220;Suyumuz yetersiz geliyordu. Bula\u015f\u0131kta, banyoda herhangi bir ihtiya\u00e7ta su yetersizdi. \u00c7ok iyi olacak. Allah raz\u0131 olsun. Te\u015fekk\u00fcr ediyoruz&#8221; dedi.<br \/>\n<br \/>Bir di\u011fer mahalle sakini Mehmet Atasoy da &#8220;Suyla ilgili her \u00e7e\u015fit s\u0131k\u0131nt\u0131m\u0131z var. Yetersiz geliyor ya da Belediye tankerle su getiriyor. Suyun tad\u0131 bozuluyor. \u0130\u00e7emiyoruz. \u00c7ama\u015f\u0131r makineleri i\u00e7in yetersiz geliyor, makinelerimiz bozuluyor. Anlatmayla bitmez. Biz, bu \u00e7al\u0131\u015fmadan \u00e7ok memnun olaca\u011f\u0131z. \u00d6yle g\u00f6z\u00fck\u00fcyor&#8221; diye konu\u015ftu.<br \/>\n<br \/>Muhammet Akcan ise &#8220;Suyla ilgili \u00e7ok ma\u011fduriyetler ya\u015fad\u0131k. \u00c7\u00fcnk\u00fc \u00f6zellikle yaz\u0131n su hi\u00e7 yetmiyordu. Eli sopal\u0131, de\u011fnekli ya\u015fl\u0131lar\u0131m\u0131z dahi kaynak suyumuz var i\u00e7me suyunu oradan evine temin ediyor. Bu do\u011fal kaynak suyu mahallemize gelince rahatl\u0131\u011fa kavu\u015faca\u011f\u0131m\u0131za inan\u0131yoruz&#8221; dedi.<br \/><\/p>\n","protected":false},"excerpt":{"rendered":"<p>Manisa Su ve Kanalizasyon \u0130daresi (MASK\u0130) Genel M\u00fcd\u00fcrl\u00fc\u011f\u00fc, Akhisar il\u00e7esine ba\u011fl\u0131 Sa\u011frak\u00e7\u0131 Mahallesi\u2019nde ya\u015fanan su problemini ortadan kald\u0131rmak i\u00e7in 5 kilometrelik terfi hatt\u0131 d\u00f6\u015feme \u00e7al\u0131\u015fmas\u0131na ba\u015flad\u0131. Ekipler, S\u0131dan Da\u011f\u0131\u2019n\u0131n eteklerinde 1000 metre rak\u0131mdaki do\u011fal kaynak suyunu mahallenin i\u00e7me suyu \u015febekesine ba\u011flayacak. Kar ve buzla kapl\u0131 arazide \u00e7al\u0131\u015fmalar\u0131n\u0131 s\u00fcrd\u00fcren MASK\u0130, bir mahalleye daha yeterli su ula\u015ft\u0131racak&#8230;.<\/p>\n","protected":false},"author":1,"featured_media":21702,"comment_status":"open","ping_status":"open","sticky":false,"template":"","format":"standard","meta":{"_crdt_document":"","footnotes":""},"categories":[1],"tags":[],"class_list":["post-21701","post","type-post","status-publish","format-standard","has-post-thumbnail","hentry","category-guncel"],"_links":{"self":[{"href":"https:\/\/www.egemtv.com\/index.php?rest_route=\/wp\/v2\/posts\/21701","targetHints":{"allow":["GET"]}}],"collection":[{"href":"https:\/\/www.egemtv.com\/index.php?rest_route=\/wp\/v2\/posts"}],"about":[{"href":"https:\/\/www.egemtv.com\/index.php?rest_route=\/wp\/v2\/types\/post"}],"author":[{"embeddable":true,"href":"https:\/\/www.egemtv.com\/index.php?rest_route=\/wp\/v2\/users\/1"}],"replies":[{"embeddable":true,"href":"https:\/\/www.egemtv.com\/index.php?rest_route=%2Fwp%2Fv2%2Fcomments&post=21701"}],"version-history":[{"count":1,"href":"https:\/\/www.egemtv.com\/index.php?rest_route=\/wp\/v2\/posts\/21701\/revisions"}],"predecessor-version":[{"id":21703,"href":"https:\/\/www.egemtv.com\/index.php?rest_route=\/wp\/v2\/posts\/21701\/revisions\/21703"}],"wp:featuredmedia":[{"embeddable":true,"href":"https:\/\/www.egemtv.com\/index.php?rest_route=\/wp\/v2\/media\/21702"}],"wp:attachment":[{"href":"https:\/\/www.egemtv.com\/index.php?rest_route=%2Fwp%2Fv2%2Fmedia&parent=21701"}],"wp:term":[{"taxonomy":"category","embeddable":true,"href":"https:\/\/www.egemtv.com\/index.php?rest_route=%2Fwp%2Fv2%2Fcategories&post=21701"},{"taxonomy":"post_tag","embeddable":true,"href":"https:\/\/www.egemtv.com\/index.php?rest_route=%2Fwp%2Fv2%2Ftags&post=21701"}],"curies":[{"name":"wp","href":"https:\/\/api.w.org\/{rel}","templated":true}]}}