{"id":21698,"date":"2025-02-22T13:01:15","date_gmt":"2025-02-22T10:01:15","guid":{"rendered":"https:\/\/www.egemtv.com\/?p=21698"},"modified":"2025-02-22T13:01:19","modified_gmt":"2025-02-22T10:01:19","slug":"simav-ilce-ozel-idaresinin-arac-filosu-guclendi","status":"publish","type":"post","link":"https:\/\/www.egemtv.com\/?p=21698","title":{"rendered":"Simav \u0130l\u00e7e \u00d6zel \u0130daresi\u2019nin ara\u00e7 filosu g\u00fc\u00e7lendi"},"content":{"rendered":"<p>Simav il\u00e7esinin altyap\u0131 ve temizlik hizmetlerinde daha h\u0131zl\u0131 ve etkin \u00e7\u00f6z\u00fcmler \u00fcretilmesi amac\u0131yla \u0130l\u00e7e \u00d6zel \u0130dareye yeni kamyon, kep\u00e7e ve \u00e7\u00f6p toplama arac\u0131n\u0131n teslim edildi\u011fi bildirildi.<br \/>\n<br \/>Konuyla ilgili bir a\u00e7\u0131klama yapan AK Parti K\u00fctahya Milletvekili Adil Bi\u00e7er, &#8220;\u0130l Ba\u015fkan\u0131m\u0131z Ceyda \u00c7etin Erenler, milletvekillerimiz \u0130smail \u00c7a\u011flar Bay\u0131rc\u0131, Mehmet Demir, \u0130l Genel Meclisi Ba\u015fkan\u0131m\u0131z Muammer \u00d6zcura, \u0130l \u00d6zel \u0130daresi Genel Sekreterimiz M\u00fccahit Eracar, Simav Belediye Ba\u015fkan\u0131m\u0131z K\u00fcbra Tekel Aktulun, \u0130l Genel Meclisi \u00dcyelerimiz, Simav \u0130l\u00e7e Te\u015fkilat\u0131m\u0131z ve \u00d6zel \u0130dare yetkililerimizle birlikte, Simav \u0130l \u00d6zel \u0130daresi envanterine kazand\u0131r\u0131lan yeni hizmet ara\u00e7lar\u0131n\u0131n teslim program\u0131na kat\u0131ld\u0131k. Kamyon, kep\u00e7e ve \u00e7\u00f6p toplama ara\u00e7lar\u0131yla g\u00fc\u00e7lenen \u00f6zel idaremiz, il\u00e7emizin altyap\u0131 ve temizlik hizmetlerinde daha h\u0131zl\u0131 ve etkin \u00e7\u00f6z\u00fcmler \u00fcretecektir. Bizim siyasetimiz eser ve hizmet siyasetidir. Halk\u0131m\u0131z\u0131n ihtiya\u00e7lar\u0131n\u0131 kar\u015f\u0131lamak, hizmeti en \u00fccra k\u00f6\u015feye ula\u015ft\u0131rmak i\u00e7in \u00e7al\u0131\u015fmaya devam edece\u011fiz. Simav\u2019\u0131m\u0131za hay\u0131rl\u0131 olsun&#8221; dedi.<br \/><\/p>\n","protected":false},"excerpt":{"rendered":"<p>Simav il\u00e7esinin altyap\u0131 ve temizlik hizmetlerinde daha h\u0131zl\u0131 ve etkin \u00e7\u00f6z\u00fcmler \u00fcretilmesi amac\u0131yla \u0130l\u00e7e \u00d6zel \u0130dareye yeni kamyon, kep\u00e7e ve \u00e7\u00f6p toplama arac\u0131n\u0131n teslim edildi\u011fi bildirildi. Konuyla ilgili bir a\u00e7\u0131klama yapan AK Parti K\u00fctahya Milletvekili Adil Bi\u00e7er, &#8220;\u0130l Ba\u015fkan\u0131m\u0131z Ceyda \u00c7etin Erenler, milletvekillerimiz \u0130smail \u00c7a\u011flar Bay\u0131rc\u0131, Mehmet Demir, \u0130l Genel Meclisi Ba\u015fkan\u0131m\u0131z Muammer \u00d6zcura, \u0130l&#8230;<\/p>\n","protected":false},"author":1,"featured_media":21699,"comment_status":"open","ping_status":"open","sticky":false,"template":"","format":"standard","meta":{"_crdt_document":"","footnotes":""},"categories":[125],"tags":[],"class_list":["post-21698","post","type-post","status-publish","format-standard","has-post-thumbnail","hentry","category-ekonomi"],"_links":{"self":[{"href":"https:\/\/www.egemtv.com\/index.php?rest_route=\/wp\/v2\/posts\/21698","targetHints":{"allow":["GET"]}}],"collection":[{"href":"https:\/\/www.egemtv.com\/index.php?rest_route=\/wp\/v2\/posts"}],"about":[{"href":"https:\/\/www.egemtv.com\/index.php?rest_route=\/wp\/v2\/types\/post"}],"author":[{"embeddable":true,"href":"https:\/\/www.egemtv.com\/index.php?rest_route=\/wp\/v2\/users\/1"}],"replies":[{"embeddable":true,"href":"https:\/\/www.egemtv.com\/index.php?rest_route=%2Fwp%2Fv2%2Fcomments&post=21698"}],"version-history":[{"count":1,"href":"https:\/\/www.egemtv.com\/index.php?rest_route=\/wp\/v2\/posts\/21698\/revisions"}],"predecessor-version":[{"id":21700,"href":"https:\/\/www.egemtv.com\/index.php?rest_route=\/wp\/v2\/posts\/21698\/revisions\/21700"}],"wp:featuredmedia":[{"embeddable":true,"href":"https:\/\/www.egemtv.com\/index.php?rest_route=\/wp\/v2\/media\/21699"}],"wp:attachment":[{"href":"https:\/\/www.egemtv.com\/index.php?rest_route=%2Fwp%2Fv2%2Fmedia&parent=21698"}],"wp:term":[{"taxonomy":"category","embeddable":true,"href":"https:\/\/www.egemtv.com\/index.php?rest_route=%2Fwp%2Fv2%2Fcategories&post=21698"},{"taxonomy":"post_tag","embeddable":true,"href":"https:\/\/www.egemtv.com\/index.php?rest_route=%2Fwp%2Fv2%2Ftags&post=21698"}],"curies":[{"name":"wp","href":"https:\/\/api.w.org\/{rel}","templated":true}]}}