{"id":21695,"date":"2025-02-22T13:01:10","date_gmt":"2025-02-22T10:01:10","guid":{"rendered":"https:\/\/www.egemtv.com\/?p=21695"},"modified":"2025-02-22T13:01:15","modified_gmt":"2025-02-22T10:01:15","slug":"salihli-sardes-esnaf-sanatkar-kredi-ve-kefalet-kooperatifi-mali-genel-kurul-yapti","status":"publish","type":"post","link":"https:\/\/www.egemtv.com\/?p=21695","title":{"rendered":"Salihli Sardes Esnaf Sanatkar Kredi ve Kefalet Kooperatifi, mali genel kurul yapt\u0131"},"content":{"rendered":"<p>Manisa\u2019n\u0131n Salihli il\u00e7esinde 789 \u00fcyesi bulunan Sardes Esnaf Sanatkar Kredi ve Kefalet Kooperatifi, 2023-2024 y\u0131llar\u0131 birle\u015ftirilmi\u015f ola\u011fan mali genel kurul toplant\u0131s\u0131 ger\u00e7ekle\u015ftirildi. Ba\u015fkan Kamuran \u00dcnveren ve y\u00f6netimi yap\u0131lan a\u00e7\u0131k oylama ile ibra edilerek g\u00fcven tazeledi.<br \/>\n<br \/>Salihli Madeni E\u015fya Sanatkarlar\u0131 Esnaf Odas\u0131 Sosyal Tesislerinde ger\u00e7ekle\u015ftirilen mali genel kurulda yeterli \u00e7o\u011funlu\u011fun sa\u011flanmas\u0131n\u0131n ard\u0131ndan divan heyeti olu\u015fturuldu. Divan ba\u015fkanl\u0131\u011f\u0131n\u0131 22.B\u00f6lge Esnaf ve Sanatkarlar Kredi ve Kefalet Kooperatifi Birli\u011fi Ba\u015fken Vekili ayn\u0131 zamanda Ala\u015fehir Esnaf Sanatkar Kredi ve Kefalet Kooperatif Ba\u015fkan\u0131 Fatih \u00c7ataldere\u2019nin yapt\u0131\u011f\u0131 toplant\u0131 \u0130stiklal Mar\u015f\u0131 okunup, sayg\u0131 duru\u015funda bulunulmas\u0131yla ba\u015flad\u0131.<br \/>\n<br \/>18 g\u00fcndem maddesinin okunup karara ba\u011fland\u0131\u011f\u0131 mali genel kurulda konu\u015fan Salihli Sardes Esnaf Sanatkar Kredi ve Kefalet Kooperatifi Ba\u015fkan\u0131 Kamuran \u00dcnveren, kooperatifin kurulu\u015fu ile ilgili bilgiler verdi. \u00dcnveren &#8220;Salihli\u2019de ikinci bir Kredi ve Kefalet Kooperatifinin kurulmas\u0131 i\u00e7in yola \u00e7\u0131kt\u0131\u011f\u0131m\u0131zda bize yapamazs\u0131n\u0131z dediler, ama biz bunu esnaf ve oda ba\u015fkan\u0131 arkada\u015flar\u0131m\u0131zla birlikte ba\u015fard\u0131k. Salihli\u2019de Sardes Esnaf Sanatkar Kredi ve Kefalet Kooperatifini kurduk. Amac\u0131m\u0131z Salihli\u2019de ikinci bir Kredi ve Kefalet Kooperatifini kurup s\u0131cak paray\u0131 d\u00f6nd\u00fcrebilmekti. \u00c7\u00fcnk\u00fc kom\u015fu il\u00e7emiz Ala\u015fehir\u2019de 7 tane Kredi ve Kefalet Kooperatifi varken, Salihli\u2019de bir tane varken, ikinci bir kooperatifi kurmakt\u0131. Geldi\u011fimiz noktada 300 orta\u011f\u0131m\u0131za 100 milyon liraya yak\u0131n kredi kulland\u0131rd\u0131k. Sizlerin deste\u011fi ile b\u00fcy\u00fcmeye devam edece\u011fiz&#8221; dedi. \u00dcnveren, mali genel kurula kar\u0131lan t\u00fcm davetlilere te\u015fekk\u00fcr etti.<br \/>\n<br \/>Salihli Sardes Esnaf Sanatkar Kredi ve Kefalet Kooperatifi\u2019nin mali genel kuruluna \u0130l\u00e7e Emniyet M\u00fcd\u00fcr\u00fc Burhan Demirk\u0131ran, \u0130l\u00e7e Jandarma Komutan\u0131 Binba\u015f\u0131 Do\u011fukan Karaaslan, AK Parti \u0130l\u00e7e Ba\u015fkan\u0131 Nejat Can Uygun, MHP \u0130l\u00e7e Ba\u015fkan\u0131 Halil T\u00fcfek, Salihli Esnaf Sanatkarlar Kredi Kefalet Kooperatifi Ba\u015fkan\u0131 Erdal Tunca, esnaf odas\u0131 ba\u015fkanlar\u0131 ile kooperatif ortaklar\u0131 kat\u0131ld\u0131.<br \/><\/p>\n","protected":false},"excerpt":{"rendered":"<p>Manisa\u2019n\u0131n Salihli il\u00e7esinde 789 \u00fcyesi bulunan Sardes Esnaf Sanatkar Kredi ve Kefalet Kooperatifi, 2023-2024 y\u0131llar\u0131 birle\u015ftirilmi\u015f ola\u011fan mali genel kurul toplant\u0131s\u0131 ger\u00e7ekle\u015ftirildi. Ba\u015fkan Kamuran \u00dcnveren ve y\u00f6netimi yap\u0131lan a\u00e7\u0131k oylama ile ibra edilerek g\u00fcven tazeledi. Salihli Madeni E\u015fya Sanatkarlar\u0131 Esnaf Odas\u0131 Sosyal Tesislerinde ger\u00e7ekle\u015ftirilen mali genel kurulda yeterli \u00e7o\u011funlu\u011fun sa\u011flanmas\u0131n\u0131n ard\u0131ndan divan heyeti olu\u015fturuldu. Divan&#8230;<\/p>\n","protected":false},"author":1,"featured_media":21696,"comment_status":"open","ping_status":"open","sticky":false,"template":"","format":"standard","meta":{"_crdt_document":"","footnotes":""},"categories":[125],"tags":[],"class_list":["post-21695","post","type-post","status-publish","format-standard","has-post-thumbnail","hentry","category-ekonomi"],"_links":{"self":[{"href":"https:\/\/www.egemtv.com\/index.php?rest_route=\/wp\/v2\/posts\/21695","targetHints":{"allow":["GET"]}}],"collection":[{"href":"https:\/\/www.egemtv.com\/index.php?rest_route=\/wp\/v2\/posts"}],"about":[{"href":"https:\/\/www.egemtv.com\/index.php?rest_route=\/wp\/v2\/types\/post"}],"author":[{"embeddable":true,"href":"https:\/\/www.egemtv.com\/index.php?rest_route=\/wp\/v2\/users\/1"}],"replies":[{"embeddable":true,"href":"https:\/\/www.egemtv.com\/index.php?rest_route=%2Fwp%2Fv2%2Fcomments&post=21695"}],"version-history":[{"count":1,"href":"https:\/\/www.egemtv.com\/index.php?rest_route=\/wp\/v2\/posts\/21695\/revisions"}],"predecessor-version":[{"id":21697,"href":"https:\/\/www.egemtv.com\/index.php?rest_route=\/wp\/v2\/posts\/21695\/revisions\/21697"}],"wp:featuredmedia":[{"embeddable":true,"href":"https:\/\/www.egemtv.com\/index.php?rest_route=\/wp\/v2\/media\/21696"}],"wp:attachment":[{"href":"https:\/\/www.egemtv.com\/index.php?rest_route=%2Fwp%2Fv2%2Fmedia&parent=21695"}],"wp:term":[{"taxonomy":"category","embeddable":true,"href":"https:\/\/www.egemtv.com\/index.php?rest_route=%2Fwp%2Fv2%2Fcategories&post=21695"},{"taxonomy":"post_tag","embeddable":true,"href":"https:\/\/www.egemtv.com\/index.php?rest_route=%2Fwp%2Fv2%2Ftags&post=21695"}],"curies":[{"name":"wp","href":"https:\/\/api.w.org\/{rel}","templated":true}]}}