{"id":21692,"date":"2025-02-22T12:56:53","date_gmt":"2025-02-22T09:56:53","guid":{"rendered":"https:\/\/www.egemtv.com\/?p=21692"},"modified":"2025-02-22T12:56:58","modified_gmt":"2025-02-22T09:56:58","slug":"soke-kipas-kagit-fabrikasinda-yangin","status":"publish","type":"post","link":"https:\/\/www.egemtv.com\/?p=21692","title":{"rendered":"S\u00f6ke Kipa\u015f Ka\u011f\u0131t Fabrikas\u0131\u2019nda yang\u0131n"},"content":{"rendered":"<p>Ayd\u0131n\u2019\u0131n S\u00f6ke il\u00e7esinde Organize Sanayi B\u00f6lgesinde bulunan S\u00f6ke Kipa\u015f Ka\u011f\u0131t Fabrikas\u0131\u2019nda at\u0131k ka\u011f\u0131tlar\u0131n depoland\u0131\u011f\u0131 alanda yang\u0131n \u00e7\u0131kt\u0131.<br \/>\n<br \/>Ayd\u0131n\u2019\u0131n S\u00f6ke il\u00e7esine ba\u011fl\u0131 Sazl\u0131 Mahallesi yak\u0131nlar\u0131nda bulunan S\u00f6ke Organize Sanayi B\u00f6lgesi\u2019nde bulunan Kipa\u015f Ka\u011f\u0131t Fabrikas\u0131\u2019nda at\u0131k ka\u011f\u0131tlar\u0131n depoland\u0131\u011f\u0131 a\u00e7\u0131k alanda hen\u00fcz bilinmeyen bir nedenle yang\u0131n \u00e7\u0131kt\u0131. \u0130hbar \u00fczerine b\u00f6lgeye sa\u011fl\u0131k, itfaiye ve polis ekipleri sevk edildi. B\u00f6lgeye gelen itfaiye ekiplerinin yang\u0131n\u0131 s\u00f6nd\u00fcrme \u00e7al\u0131\u015fmalar\u0131 s\u00fcr\u00fcyor.<br \/><\/p>\n","protected":false},"excerpt":{"rendered":"<p>Ayd\u0131n\u2019\u0131n S\u00f6ke il\u00e7esinde Organize Sanayi B\u00f6lgesinde bulunan S\u00f6ke Kipa\u015f Ka\u011f\u0131t Fabrikas\u0131\u2019nda at\u0131k ka\u011f\u0131tlar\u0131n depoland\u0131\u011f\u0131 alanda yang\u0131n \u00e7\u0131kt\u0131. Ayd\u0131n\u2019\u0131n S\u00f6ke il\u00e7esine ba\u011fl\u0131 Sazl\u0131 Mahallesi yak\u0131nlar\u0131nda bulunan S\u00f6ke Organize Sanayi B\u00f6lgesi\u2019nde bulunan Kipa\u015f Ka\u011f\u0131t Fabrikas\u0131\u2019nda at\u0131k ka\u011f\u0131tlar\u0131n depoland\u0131\u011f\u0131 a\u00e7\u0131k alanda hen\u00fcz bilinmeyen bir nedenle yang\u0131n \u00e7\u0131kt\u0131. \u0130hbar \u00fczerine b\u00f6lgeye sa\u011fl\u0131k, itfaiye ve polis ekipleri sevk edildi. B\u00f6lgeye&#8230;<\/p>\n","protected":false},"author":1,"featured_media":21693,"comment_status":"open","ping_status":"open","sticky":false,"template":"","format":"standard","meta":{"_crdt_document":"","footnotes":""},"categories":[5],"tags":[],"class_list":["post-21692","post","type-post","status-publish","format-standard","has-post-thumbnail","hentry","category-asayis"],"_links":{"self":[{"href":"https:\/\/www.egemtv.com\/index.php?rest_route=\/wp\/v2\/posts\/21692","targetHints":{"allow":["GET"]}}],"collection":[{"href":"https:\/\/www.egemtv.com\/index.php?rest_route=\/wp\/v2\/posts"}],"about":[{"href":"https:\/\/www.egemtv.com\/index.php?rest_route=\/wp\/v2\/types\/post"}],"author":[{"embeddable":true,"href":"https:\/\/www.egemtv.com\/index.php?rest_route=\/wp\/v2\/users\/1"}],"replies":[{"embeddable":true,"href":"https:\/\/www.egemtv.com\/index.php?rest_route=%2Fwp%2Fv2%2Fcomments&post=21692"}],"version-history":[{"count":1,"href":"https:\/\/www.egemtv.com\/index.php?rest_route=\/wp\/v2\/posts\/21692\/revisions"}],"predecessor-version":[{"id":21694,"href":"https:\/\/www.egemtv.com\/index.php?rest_route=\/wp\/v2\/posts\/21692\/revisions\/21694"}],"wp:featuredmedia":[{"embeddable":true,"href":"https:\/\/www.egemtv.com\/index.php?rest_route=\/wp\/v2\/media\/21693"}],"wp:attachment":[{"href":"https:\/\/www.egemtv.com\/index.php?rest_route=%2Fwp%2Fv2%2Fmedia&parent=21692"}],"wp:term":[{"taxonomy":"category","embeddable":true,"href":"https:\/\/www.egemtv.com\/index.php?rest_route=%2Fwp%2Fv2%2Fcategories&post=21692"},{"taxonomy":"post_tag","embeddable":true,"href":"https:\/\/www.egemtv.com\/index.php?rest_route=%2Fwp%2Fv2%2Ftags&post=21692"}],"curies":[{"name":"wp","href":"https:\/\/api.w.org\/{rel}","templated":true}]}}