{"id":21686,"date":"2025-02-22T12:47:30","date_gmt":"2025-02-22T09:47:30","guid":{"rendered":"https:\/\/www.egemtv.com\/?p=21686"},"modified":"2025-02-22T12:47:34","modified_gmt":"2025-02-22T09:47:34","slug":"ispartada-otomobille-carpisan-elektrikli-bisiklet-surucusu-yaralandi","status":"publish","type":"post","link":"https:\/\/www.egemtv.com\/?p=21686","title":{"rendered":"Isparta\u2019da otomobille \u00e7arp\u0131\u015fan elektrikli bisiklet s\u00fcr\u00fcc\u00fcs\u00fc yaraland\u0131"},"content":{"rendered":"<p>Isparta\u2019da otomobil ile elektrikli bisikletin \u00e7arp\u0131\u015fmas\u0131 sonucu meydana gelen kasada elektrikli bisiklet s\u00fcr\u00fcc\u00fcs\u00fc yaraland\u0131.<br \/>\n<br \/>Kaza, d\u00fcn ak\u015fam saatlerinde Yalva\u00e7 il\u00e7esi Ka\u015fyukar\u0131 Mahallesi Hastane Caddesi\u2019nde meydana geldi. Edinilen bilgilere g\u00f6re, \u0130smail B. (32) idaresindeki 32 ADS 862 plakal\u0131 elektrikli bisiklet, Veli D. y\u00f6netimindeki Mercedes marka otomobille \u00e7arp\u0131\u015ft\u0131. \u00c7arp\u0131\u015fman\u0131n etkisiyle elektrikli bisikletin s\u00fcr\u00fcc\u00fcs\u00fc \u0130smail B. yere d\u00fc\u015ferek yaraland\u0131. \u00c7evredeki vatanda\u015flar\u0131n durumu 112 Acil \u00c7a\u011fr\u0131 Merkezi\u2019ne bildirmesi \u00fczerine olay yerine polis ve sa\u011fl\u0131k ekipleri sevk edildi. Sa\u011fl\u0131k ekiplerinin ilk m\u00fcdahalesinin ard\u0131ndan yaral\u0131 s\u00fcr\u00fcc\u00fc \u0130smail B., ambulansla hastaneye kald\u0131r\u0131ld\u0131. Kazayla ilgili inceleme ba\u015flat\u0131ld\u0131.<br \/><\/p>\n","protected":false},"excerpt":{"rendered":"<p>Isparta\u2019da otomobil ile elektrikli bisikletin \u00e7arp\u0131\u015fmas\u0131 sonucu meydana gelen kasada elektrikli bisiklet s\u00fcr\u00fcc\u00fcs\u00fc yaraland\u0131. Kaza, d\u00fcn ak\u015fam saatlerinde Yalva\u00e7 il\u00e7esi Ka\u015fyukar\u0131 Mahallesi Hastane Caddesi\u2019nde meydana geldi. Edinilen bilgilere g\u00f6re, \u0130smail B. (32) idaresindeki 32 ADS 862 plakal\u0131 elektrikli bisiklet, Veli D. y\u00f6netimindeki Mercedes marka otomobille \u00e7arp\u0131\u015ft\u0131. \u00c7arp\u0131\u015fman\u0131n etkisiyle elektrikli bisikletin s\u00fcr\u00fcc\u00fcs\u00fc \u0130smail B. yere d\u00fc\u015ferek&#8230;<\/p>\n","protected":false},"author":1,"featured_media":21687,"comment_status":"open","ping_status":"open","sticky":false,"template":"","format":"standard","meta":{"_crdt_document":"","footnotes":""},"categories":[5],"tags":[],"class_list":["post-21686","post","type-post","status-publish","format-standard","has-post-thumbnail","hentry","category-asayis"],"_links":{"self":[{"href":"https:\/\/www.egemtv.com\/index.php?rest_route=\/wp\/v2\/posts\/21686","targetHints":{"allow":["GET"]}}],"collection":[{"href":"https:\/\/www.egemtv.com\/index.php?rest_route=\/wp\/v2\/posts"}],"about":[{"href":"https:\/\/www.egemtv.com\/index.php?rest_route=\/wp\/v2\/types\/post"}],"author":[{"embeddable":true,"href":"https:\/\/www.egemtv.com\/index.php?rest_route=\/wp\/v2\/users\/1"}],"replies":[{"embeddable":true,"href":"https:\/\/www.egemtv.com\/index.php?rest_route=%2Fwp%2Fv2%2Fcomments&post=21686"}],"version-history":[{"count":1,"href":"https:\/\/www.egemtv.com\/index.php?rest_route=\/wp\/v2\/posts\/21686\/revisions"}],"predecessor-version":[{"id":21688,"href":"https:\/\/www.egemtv.com\/index.php?rest_route=\/wp\/v2\/posts\/21686\/revisions\/21688"}],"wp:featuredmedia":[{"embeddable":true,"href":"https:\/\/www.egemtv.com\/index.php?rest_route=\/wp\/v2\/media\/21687"}],"wp:attachment":[{"href":"https:\/\/www.egemtv.com\/index.php?rest_route=%2Fwp%2Fv2%2Fmedia&parent=21686"}],"wp:term":[{"taxonomy":"category","embeddable":true,"href":"https:\/\/www.egemtv.com\/index.php?rest_route=%2Fwp%2Fv2%2Fcategories&post=21686"},{"taxonomy":"post_tag","embeddable":true,"href":"https:\/\/www.egemtv.com\/index.php?rest_route=%2Fwp%2Fv2%2Ftags&post=21686"}],"curies":[{"name":"wp","href":"https:\/\/api.w.org\/{rel}","templated":true}]}}