{"id":21593,"date":"2025-02-22T10:18:21","date_gmt":"2025-02-22T07:18:21","guid":{"rendered":"https:\/\/www.egemtv.com\/?p=21593"},"modified":"2025-02-22T10:18:28","modified_gmt":"2025-02-22T07:18:28","slug":"karacasuda-ciftciler-bilgilendirildi","status":"publish","type":"post","link":"https:\/\/www.egemtv.com\/?p=21593","title":{"rendered":"Karacasu\u2019da \u00e7ift\u00e7iler bilgilendirildi"},"content":{"rendered":"<p>Ayd\u0131n\u2019\u0131n Karacasu il\u00e7esinde \u00e7ift\u00e7iler, toprak analizi ve numune al\u0131m\u0131 konular\u0131nda bilgilendirildi.<\/p>\n<p>\u00d6nemli tar\u0131m kentlerinden olan Ayd\u0131n\u2019da \u00e7ift\u00e7ilere y\u00f6nelik y\u00fcr\u00fct\u00fclen bilgilendirme \u00e7al\u0131\u015fmalar\u0131 aral\u0131ks\u0131z s\u00fcr\u00fcyor. Bu \u00e7er\u00e7evede Karacasu \u0130l\u00e7e Tar\u0131m ve Orman M\u00fcd\u00fcrl\u00fc\u011f\u00fc ekipleri, Ataeymir Mahallesi\u2019nde \u00e7ift\u00e7ilerle bir araya geldi. Ger\u00e7ekle\u015ftirilen bulu\u015fmalarda ekipler, \u00e7ift\u00e7ilere g\u00fcbreleme, toprak analizinin \u00f6nemi, topraktan numune al\u0131m\u0131 gibi konularda bilgilendirme yapt\u0131. Ayr\u0131ca \u00fcreticilere hayvanc\u0131l\u0131kta yeni desteklemeler konusunda da bilgilendirmeler yap\u0131ld\u0131. Yetkililer ile bulu\u015fma f\u0131rsat\u0131 yakalayan \u00fcreticiler de merak ettikleri sorulara yan\u0131t bulurken, yeni destekleme modelleri konusunda da bilgi ald\u0131. \u00dcreticilerin bilgilendirilmesi hedefiyle ger\u00e7ekle\u015ftirilen \u00e7al\u0131\u015fmalar\u0131n il\u00e7e genelinde devam edece\u011fi \u00f6\u011frenildi.<br \/><\/p>\n","protected":false},"excerpt":{"rendered":"<p>Ayd\u0131n\u2019\u0131n Karacasu il\u00e7esinde \u00e7ift\u00e7iler, toprak analizi ve numune al\u0131m\u0131 konular\u0131nda bilgilendirildi. \u00d6nemli tar\u0131m kentlerinden olan Ayd\u0131n\u2019da \u00e7ift\u00e7ilere y\u00f6nelik y\u00fcr\u00fct\u00fclen bilgilendirme \u00e7al\u0131\u015fmalar\u0131 aral\u0131ks\u0131z s\u00fcr\u00fcyor. Bu \u00e7er\u00e7evede Karacasu \u0130l\u00e7e Tar\u0131m ve Orman M\u00fcd\u00fcrl\u00fc\u011f\u00fc ekipleri, Ataeymir Mahallesi\u2019nde \u00e7ift\u00e7ilerle bir araya geldi. Ger\u00e7ekle\u015ftirilen bulu\u015fmalarda ekipler, \u00e7ift\u00e7ilere g\u00fcbreleme, toprak analizinin \u00f6nemi, topraktan numune al\u0131m\u0131 gibi konularda bilgilendirme yapt\u0131. Ayr\u0131ca \u00fcreticilere&#8230;<\/p>\n","protected":false},"author":1,"featured_media":21594,"comment_status":"open","ping_status":"open","sticky":false,"template":"","format":"standard","meta":{"_crdt_document":"","footnotes":""},"categories":[1],"tags":[],"class_list":["post-21593","post","type-post","status-publish","format-standard","has-post-thumbnail","hentry","category-guncel"],"_links":{"self":[{"href":"https:\/\/www.egemtv.com\/index.php?rest_route=\/wp\/v2\/posts\/21593","targetHints":{"allow":["GET"]}}],"collection":[{"href":"https:\/\/www.egemtv.com\/index.php?rest_route=\/wp\/v2\/posts"}],"about":[{"href":"https:\/\/www.egemtv.com\/index.php?rest_route=\/wp\/v2\/types\/post"}],"author":[{"embeddable":true,"href":"https:\/\/www.egemtv.com\/index.php?rest_route=\/wp\/v2\/users\/1"}],"replies":[{"embeddable":true,"href":"https:\/\/www.egemtv.com\/index.php?rest_route=%2Fwp%2Fv2%2Fcomments&post=21593"}],"version-history":[{"count":1,"href":"https:\/\/www.egemtv.com\/index.php?rest_route=\/wp\/v2\/posts\/21593\/revisions"}],"predecessor-version":[{"id":21597,"href":"https:\/\/www.egemtv.com\/index.php?rest_route=\/wp\/v2\/posts\/21593\/revisions\/21597"}],"wp:featuredmedia":[{"embeddable":true,"href":"https:\/\/www.egemtv.com\/index.php?rest_route=\/wp\/v2\/media\/21594"}],"wp:attachment":[{"href":"https:\/\/www.egemtv.com\/index.php?rest_route=%2Fwp%2Fv2%2Fmedia&parent=21593"}],"wp:term":[{"taxonomy":"category","embeddable":true,"href":"https:\/\/www.egemtv.com\/index.php?rest_route=%2Fwp%2Fv2%2Fcategories&post=21593"},{"taxonomy":"post_tag","embeddable":true,"href":"https:\/\/www.egemtv.com\/index.php?rest_route=%2Fwp%2Fv2%2Ftags&post=21593"}],"curies":[{"name":"wp","href":"https:\/\/api.w.org\/{rel}","templated":true}]}}