{"id":21590,"date":"2025-02-22T09:54:07","date_gmt":"2025-02-22T06:54:07","guid":{"rendered":"https:\/\/www.egemtv.com\/?p=21590"},"modified":"2025-02-22T09:54:11","modified_gmt":"2025-02-22T06:54:11","slug":"koycegiz-tazelenme-kampusunde-konferans-verildi","status":"publish","type":"post","link":"https:\/\/www.egemtv.com\/?p=21590","title":{"rendered":"K\u00f6yce\u011fiz Tazelenme Kamp\u00fcs\u00fc\u2019nde konferans verildi"},"content":{"rendered":"<p>Mu\u011fla\u2019n\u0131n K\u00f6yce\u011fiz il\u00e7esi Tazelenme \u00dcniversitesi Kamp\u00fcs\u00fc\u2019nde Prof. Dr. Muammer Tuna \u2018Toplumlar\u0131n Sosyo-K\u00fclt\u00fcrel Evrimi\u2019 konulu konferans ger\u00e7ekle\u015ftirdi.<\/p>\n<p>K\u00f6yce\u011fiz Sa\u011fl\u0131k Meslek Y\u00fcksekokulu Konferans Salonu\u2019nda d\u00fczenlenen konferansta, Mu\u011fla S\u0131tk\u0131 Ko\u00e7man \u00dcniversitesi Edebiyat Fak\u00fcltesi Sosyoloji B\u00f6l\u00fcm\u00fc Tazelenme \u00dcniversitesi Mu\u011fla Kamp\u00fcs\u00fc Kurucusu Prof. Dr. Muammer Tuna kamp\u00fcsler hakk\u0131nda genel bilgileri payla\u015ft\u0131, Dat\u00e7a\u2019da da kamp\u00fcs a\u00e7\u0131laca\u011f\u0131 bilgisini verdi. Prof. Dr. Tuna konferansta, \u2018Toplum nedir, nas\u0131l olu\u015ftu? Toplum \u00f6ncesi insan ya\u015fam\u0131, Avc\u0131, toplay\u0131c\u0131 toplumlar, Tar\u0131mc\u0131 toplumlar, Modern, end\u00fcstriyel toplumlar, Post modern, post sanayi toplumlar\u0131, Metaverse\u2019 gibi konular\u0131n sunumunu yapt\u0131. Tazelenme \u00dcniversitesi Kamp\u00fcsleri 60 ya\u015f \u00fcst\u00fc vatanda\u015flara sosyalle\u015fme anlam\u0131nda b\u00fcy\u00fck faydalar sa\u011flad\u0131\u011f\u0131n\u0131 belirtti. Bu kamp\u00fcslerde g\u00f6rev alan hocalar\u0131n g\u00f6n\u00fcll\u00fcl\u00fck esas\u0131na g\u00f6re \u00e7al\u0131\u015ft\u0131\u011f\u0131n\u0131 belirterek, hepsine te\u015fekk\u00fcr etti.<br \/><\/p>\n","protected":false},"excerpt":{"rendered":"<p>Mu\u011fla\u2019n\u0131n K\u00f6yce\u011fiz il\u00e7esi Tazelenme \u00dcniversitesi Kamp\u00fcs\u00fc\u2019nde Prof. Dr. Muammer Tuna \u2018Toplumlar\u0131n Sosyo-K\u00fclt\u00fcrel Evrimi\u2019 konulu konferans ger\u00e7ekle\u015ftirdi. K\u00f6yce\u011fiz Sa\u011fl\u0131k Meslek Y\u00fcksekokulu Konferans Salonu\u2019nda d\u00fczenlenen konferansta, Mu\u011fla S\u0131tk\u0131 Ko\u00e7man \u00dcniversitesi Edebiyat Fak\u00fcltesi Sosyoloji B\u00f6l\u00fcm\u00fc Tazelenme \u00dcniversitesi Mu\u011fla Kamp\u00fcs\u00fc Kurucusu Prof. Dr. Muammer Tuna kamp\u00fcsler hakk\u0131nda genel bilgileri payla\u015ft\u0131, Dat\u00e7a\u2019da da kamp\u00fcs a\u00e7\u0131laca\u011f\u0131 bilgisini verdi. Prof. Dr. Tuna&#8230;<\/p>\n","protected":false},"author":1,"featured_media":21591,"comment_status":"open","ping_status":"open","sticky":false,"template":"","format":"standard","meta":{"_crdt_document":"","footnotes":""},"categories":[1],"tags":[],"class_list":["post-21590","post","type-post","status-publish","format-standard","has-post-thumbnail","hentry","category-guncel"],"_links":{"self":[{"href":"https:\/\/www.egemtv.com\/index.php?rest_route=\/wp\/v2\/posts\/21590","targetHints":{"allow":["GET"]}}],"collection":[{"href":"https:\/\/www.egemtv.com\/index.php?rest_route=\/wp\/v2\/posts"}],"about":[{"href":"https:\/\/www.egemtv.com\/index.php?rest_route=\/wp\/v2\/types\/post"}],"author":[{"embeddable":true,"href":"https:\/\/www.egemtv.com\/index.php?rest_route=\/wp\/v2\/users\/1"}],"replies":[{"embeddable":true,"href":"https:\/\/www.egemtv.com\/index.php?rest_route=%2Fwp%2Fv2%2Fcomments&post=21590"}],"version-history":[{"count":1,"href":"https:\/\/www.egemtv.com\/index.php?rest_route=\/wp\/v2\/posts\/21590\/revisions"}],"predecessor-version":[{"id":21592,"href":"https:\/\/www.egemtv.com\/index.php?rest_route=\/wp\/v2\/posts\/21590\/revisions\/21592"}],"wp:featuredmedia":[{"embeddable":true,"href":"https:\/\/www.egemtv.com\/index.php?rest_route=\/wp\/v2\/media\/21591"}],"wp:attachment":[{"href":"https:\/\/www.egemtv.com\/index.php?rest_route=%2Fwp%2Fv2%2Fmedia&parent=21590"}],"wp:term":[{"taxonomy":"category","embeddable":true,"href":"https:\/\/www.egemtv.com\/index.php?rest_route=%2Fwp%2Fv2%2Fcategories&post=21590"},{"taxonomy":"post_tag","embeddable":true,"href":"https:\/\/www.egemtv.com\/index.php?rest_route=%2Fwp%2Fv2%2Ftags&post=21590"}],"curies":[{"name":"wp","href":"https:\/\/api.w.org\/{rel}","templated":true}]}}