{"id":21586,"date":"2025-02-22T09:33:54","date_gmt":"2025-02-22T06:33:54","guid":{"rendered":"https:\/\/www.egemtv.com\/?p=21586"},"modified":"2025-02-22T09:34:00","modified_gmt":"2025-02-22T06:34:00","slug":"milletvekili-un-tarimda-modernizasyon-olmazsa-uretim-yapacak-ciftci-kalmayacak-2","status":"publish","type":"post","link":"https:\/\/www.egemtv.com\/?p=21586","title":{"rendered":"Milletvekili \u00dcn: &#8220;Tar\u0131mda modernizasyon olmazsa, \u00fcretim yapacak \u00e7ift\u00e7i kalmayacak&#8221;"},"content":{"rendered":"<p>Denizli Milletvekili Sema Silkin \u00dcn, 2004-2024 y\u0131llar\u0131 aras\u0131nda i\u015flenen tar\u0131m arazisinin y\u00fczde 9 oran\u0131nda azald\u0131\u011f\u0131n\u0131 s\u00f6yledi. Milletvekili \u00dcn, &#8220;Tar\u0131mda h\u0131zl\u0131 davran\u0131p modernizasyona ge\u00e7emezsek, \u00fcretim yapacak \u00e7ift\u00e7i kalmayacak. Tarlalar bo\u015f kalacak&#8221; dedi.<br \/>\n<br \/>Denizli Milletvekili Sema Silkin \u00dcn, T\u00fcrkiye\u2019de yakla\u015f\u0131k on y\u0131l \u00f6nce tar\u0131msal istihdam oran\u0131n\u0131n y\u00fczde 20.3 iken bu g\u00fcnlerde y\u00fczde 14.8\u2019ler seviyesine geriledi\u011fine dikkat \u00e7ekti. 2004-2024 y\u0131llar\u0131 aras\u0131nda i\u015flenen tar\u0131m arazisinin y\u00fczde 9 oran\u0131nda azald\u0131\u011f\u0131n\u0131 anlatan Milletvekili \u00dcn, y\u0131llard\u0131r ihmal edilen tar\u0131m politikalar\u0131 nedeniyle \u00e7ift\u00e7ilerin i\u00e7ine d\u00fc\u015ft\u00fckleri durumu, ekilemeyen tarlalar\u0131 meclis k\u00fcrs\u00fcs\u00fcnden bir kez daha g\u00fcndeme ta\u015f\u0131d\u0131. Tar\u0131mda \u00e7ok h\u0131zl\u0131 davran\u0131p modernizasyona ge\u00e7ilmemesi halinde \u00fcretim yapacak \u00e7ift\u00e7inin kalmayaca\u011f\u0131n\u0131, verimli tar\u0131m arazilerinin bo\u015f kalaca\u011f\u0131n\u0131n alt\u0131n\u0131 \u00e7izen Milletvekili \u00dcn, konu\u015fmas\u0131nda, &#8220;\u00dclkemizde ge\u00e7en s\u00fcrede ne yaz\u0131k ki tarlada \u00e7al\u0131\u015fan 100 ki\u015fiden 5\u2019i tar\u0131m\u0131 terk etti. Buna d\u00fcnyan\u0131n bir sorunu deyip boyun mu e\u011fece\u011fiz, topraktan vaz m\u0131 ge\u00e7ece\u011fiz? Mazotun, g\u00fcbrenin, tohum fiyatlar\u0131n\u0131n art\u0131\u015f\u0131na, \u00fcretim maliyetlerinin y\u00fckselmesine, buna ra\u011fmen te\u015fviklerin, desteklerin yetersizli\u011fine, \u00e7ift\u00e7inin eme\u011finin hakk\u0131n\u0131 alamamas\u0131na r\u0131za m\u0131 g\u00f6sterece\u011fiz?. Gen\u00e7ler neden tar\u0131mla u\u011fra\u015fmak istemiyor? \u00c7\u00fcnk\u00fc bu sekt\u00f6r cazip de\u011fil; \u00e7\u00fcnk\u00fc emek y\u00fcksek, kazan\u00e7 d\u00fc\u015f\u00fck; \u00e7\u00fcnk\u00fc prestijli bir meslek alg\u0131s\u0131 yok. Geleneksel y\u00f6ntemler yerini h\u0131zla modern teknolojilere, yapay zek\u00e2 destekli \u00fcretim modellerine b\u0131rakmad\u0131k\u00e7a, tar\u0131m\u0131 ta\u015f\u0131yacak, s\u0131rtlayacak n\u00fcfus bulmak imk\u00e2ns\u0131z h\u00e2le gelecek. Ge\u00e7ti\u011fimiz y\u0131l b\u00fct\u00e7eden tar\u0131ma ayr\u0131lan destek 91 milyar 465 milyon lirayd\u0131, bunun y\u00fczde 70\u2019i bitkisel \u00fcretime, y\u00fczde 22\u2019si hayvanc\u0131l\u0131\u011fa, y\u00fczde 6\u2019s\u0131 k\u0131rsal kalk\u0131nmaya ayr\u0131lm\u0131\u015f; peki, ara\u015ft\u0131rma geli\u015ftirme i\u00e7in ne kadar ayr\u0131lm\u0131\u015f. B\u00fct\u00e7enin binde 8\u2019i, 752 milyon lira yani 21 milyon dolar. Bak\u0131n, sadece Hollanda\u2019n\u0131n Wageningen \u00dcniversitesi 2015 y\u0131l\u0131nda tar\u0131m Ar-Ge\u2019si i\u00e7in ay\u0131rd\u0131\u011f\u0131 pay\u0131 550 milyon dolar olarak a\u00e7\u0131klad\u0131; bizim Bakanl\u0131k\u00e7a ay\u0131rd\u0131\u011f\u0131m\u0131z b\u00fct\u00e7enin 27 kat\u0131&#8221; dedi.<\/p>\n<p>&#8220;Denetimden ge\u00e7en tar\u0131m \u00fcr\u00fcnleri g\u00fcmr\u00fckten geri geliyor&#8221;<br \/>\n<br \/>Son g\u00fcnlerde ba\u015fta tar\u0131m \u00fcr\u00fcnleri olmak \u00fczere kontrolden ge\u00e7en bir\u00e7ok \u00fcr\u00fcn\u00fcn g\u00fcvenilir limitleri a\u015fan pestisit ve aflatoksin nedeniyle g\u00fcmr\u00fcklerden geri geldi\u011fini belirten Milletvekili \u00dcn, &#8220;En fazla denetimi yap\u0131lan ihra\u00e7 \u00fcr\u00fcnlerinde bu sorun ya\u015fan\u0131rken \u00fcretimin y\u00fczde 90\u2019\u0131n\u0131n \u00fclkede de\u011ferlendirildi\u011fi bir sistemde hangi \u00fcr\u00fcnleri yiyoruz, vatanda\u015flar\u0131m\u0131za ne yediriyoruz, sofralar\u0131m\u0131za hangi zehirleri koyuyoruz? Pestisit denetim raporlar\u0131n\u0131 neden halktan sakl\u0131yoruz? Bu pestisitlerin sebep oldu\u011fu bir di\u011fer tehlike de tar\u0131m arazilerini yok etme tehlikesi. Tar\u0131m arazileri zaten imara a\u00e7\u0131larak, plans\u0131z \u015fehirle\u015fmeye kurban edilerek uzun zamand\u0131r g\u00f6zden \u00e7\u0131kar\u0131lm\u0131\u015f. Bir de \u00fczerine vah\u015fi, kontrols\u00fcz zirai ila\u00e7 kullan\u0131m\u0131yla topraklar\u0131m\u0131z h\u0131zla tar\u0131m vasf\u0131n\u0131 kaybediyor. Bu yanl\u0131\u015f, ihmal edilmi\u015f politikalar y\u00fcz\u00fcnden tar\u0131m sadece tarlada de\u011fil, zihinlerde de \u00f6ld\u00fcr\u00fcl\u00fcyor&#8221; dedi.<br \/><\/p>\n","protected":false},"excerpt":{"rendered":"<p>Denizli Milletvekili Sema Silkin \u00dcn, 2004-2024 y\u0131llar\u0131 aras\u0131nda i\u015flenen tar\u0131m arazisinin y\u00fczde 9 oran\u0131nda azald\u0131\u011f\u0131n\u0131 s\u00f6yledi. Milletvekili \u00dcn, &#8220;Tar\u0131mda h\u0131zl\u0131 davran\u0131p modernizasyona ge\u00e7emezsek, \u00fcretim yapacak \u00e7ift\u00e7i kalmayacak. Tarlalar bo\u015f kalacak&#8221; dedi. Denizli Milletvekili Sema Silkin \u00dcn, T\u00fcrkiye\u2019de yakla\u015f\u0131k on y\u0131l \u00f6nce tar\u0131msal istihdam oran\u0131n\u0131n y\u00fczde 20.3 iken bu g\u00fcnlerde y\u00fczde 14.8\u2019ler seviyesine geriledi\u011fine dikkat \u00e7ekti&#8230;.<\/p>\n","protected":false},"author":1,"featured_media":21587,"comment_status":"open","ping_status":"open","sticky":false,"template":"","format":"standard","meta":{"_crdt_document":"","footnotes":""},"categories":[127],"tags":[],"class_list":["post-21586","post","type-post","status-publish","format-standard","has-post-thumbnail","hentry","category-siyaset"],"_links":{"self":[{"href":"https:\/\/www.egemtv.com\/index.php?rest_route=\/wp\/v2\/posts\/21586","targetHints":{"allow":["GET"]}}],"collection":[{"href":"https:\/\/www.egemtv.com\/index.php?rest_route=\/wp\/v2\/posts"}],"about":[{"href":"https:\/\/www.egemtv.com\/index.php?rest_route=\/wp\/v2\/types\/post"}],"author":[{"embeddable":true,"href":"https:\/\/www.egemtv.com\/index.php?rest_route=\/wp\/v2\/users\/1"}],"replies":[{"embeddable":true,"href":"https:\/\/www.egemtv.com\/index.php?rest_route=%2Fwp%2Fv2%2Fcomments&post=21586"}],"version-history":[{"count":1,"href":"https:\/\/www.egemtv.com\/index.php?rest_route=\/wp\/v2\/posts\/21586\/revisions"}],"predecessor-version":[{"id":21589,"href":"https:\/\/www.egemtv.com\/index.php?rest_route=\/wp\/v2\/posts\/21586\/revisions\/21589"}],"wp:featuredmedia":[{"embeddable":true,"href":"https:\/\/www.egemtv.com\/index.php?rest_route=\/wp\/v2\/media\/21587"}],"wp:attachment":[{"href":"https:\/\/www.egemtv.com\/index.php?rest_route=%2Fwp%2Fv2%2Fmedia&parent=21586"}],"wp:term":[{"taxonomy":"category","embeddable":true,"href":"https:\/\/www.egemtv.com\/index.php?rest_route=%2Fwp%2Fv2%2Fcategories&post=21586"},{"taxonomy":"post_tag","embeddable":true,"href":"https:\/\/www.egemtv.com\/index.php?rest_route=%2Fwp%2Fv2%2Ftags&post=21586"}],"curies":[{"name":"wp","href":"https:\/\/api.w.org\/{rel}","templated":true}]}}