{"id":21581,"date":"2025-02-22T09:24:14","date_gmt":"2025-02-22T06:24:14","guid":{"rendered":"https:\/\/www.egemtv.com\/?p=21581"},"modified":"2025-02-22T09:24:21","modified_gmt":"2025-02-22T06:24:21","slug":"kusadasinda-turunc-meyvesinin-en-tatli-yolculugu-basladi","status":"publish","type":"post","link":"https:\/\/www.egemtv.com\/?p=21581","title":{"rendered":"Ku\u015fadas\u0131\u2019nda turun\u00e7 meyvesinin en tatl\u0131 yolculu\u011fu ba\u015flad\u0131"},"content":{"rendered":"<p>Ku\u015fadas\u0131 Belediyesi Park ve Bah\u00e7eler M\u00fcd\u00fcrl\u00fc\u011f\u00fc ekipleri, kentin cadde ve sokaklar\u0131n\u0131 s\u00fcsleyen turun\u00e7 a\u011fa\u00e7lar\u0131n\u0131n meyvelerini d\u00fczenli olarak toplay\u0131p, Ada Kad\u0131n Giri\u015fimi \u00dcretim ve \u0130\u015fletme Kooperatifi\u2019ne teslim ediyor. Rengi, kokusu ve aromas\u0131yla Akdeniz\u2019in s\u0131cakl\u0131\u011f\u0131n\u0131 kabu\u011funda ta\u015f\u0131yan meyveler, kooperatifte g\u00f6n\u00fcll\u00fc olarak \u00e7al\u0131\u015fan kad\u0131nlar\u0131n h\u00fcnerli ellerinde re\u00e7ele d\u00f6n\u00fc\u015f\u00fcyor.<\/p>\n<p>T\u00fcrkiye\u2019nin turizm ba\u015fkenti Ku\u015fadas\u0131\u2019n\u0131n cadde ve sokaklar\u0131nda turun\u00e7giller familyas\u0131ndan gelen ve Akdeniz ikliminin hakim oldu\u011fu her yerde yeti\u015febilen bir\u00e7ok turun\u00e7 a\u011fac\u0131 bulunuyor. Kald\u0131r\u0131mlarda ve yol kenarlar\u0131nda dikili olan turun\u00e7 a\u011fa\u00e7lar\u0131n\u0131n budama, sulama, a\u015f\u0131lama ve di\u011fer bak\u0131mlar\u0131, y\u0131l boyunca Ku\u015fadas\u0131 Belediyesi\u2019ne ba\u011fl\u0131 Park ve Bah\u00e7eler M\u00fcd\u00fcrl\u00fc\u011f\u00fc ekipleri taraf\u0131ndan yap\u0131l\u0131yor. Portakala benzeyen ancak daha ac\u0131 oldu\u011fu i\u00e7in meyve olarak t\u00fcketilmeyen turun\u00e7lar, Ocak veya \u015eubat ay\u0131 itibariyle de a\u011fa\u00e7lardan toplan\u0131yor.<\/p>\n<p>G\u00fcnde ortalama 150-200 kilogram turun\u00e7 toplayan Park ve Bah\u00e7eler M\u00fcd\u00fcrl\u00fc\u011f\u00fc ekipleri, meyveleri kasalad\u0131ktan sonra Ada Kad\u0131n Giri\u015fimi \u00dcretim ve \u0130\u015fletme Kooperatifi\u2019ne teslim ediyor. B\u00f6ylece turun\u00e7 meyvelerinin en tatl\u0131 yolculu\u011fu da ba\u015flam\u0131\u015f oluyor. Ard\u0131ndan kooperatifte \u2018Emek At\u00f6lyesi\u2019 \u00e7at\u0131s\u0131 alt\u0131nda Ba\u015fkan \u00d6mer G\u00fcnel\u2019in deste\u011fiyle g\u00f6n\u00fcll\u00fcl\u00fck esas\u0131na g\u00f6re \u00e7al\u0131\u015fan kad\u0131nlar, turun\u00e7lar\u0131 h\u00fcnerli ellerinde re\u00e7el haline getiriyor.<br \/><\/p>\n","protected":false},"excerpt":{"rendered":"<p>Ku\u015fadas\u0131 Belediyesi Park ve Bah\u00e7eler M\u00fcd\u00fcrl\u00fc\u011f\u00fc ekipleri, kentin cadde ve sokaklar\u0131n\u0131 s\u00fcsleyen turun\u00e7 a\u011fa\u00e7lar\u0131n\u0131n meyvelerini d\u00fczenli olarak toplay\u0131p, Ada Kad\u0131n Giri\u015fimi \u00dcretim ve \u0130\u015fletme Kooperatifi\u2019ne teslim ediyor. Rengi, kokusu ve aromas\u0131yla Akdeniz\u2019in s\u0131cakl\u0131\u011f\u0131n\u0131 kabu\u011funda ta\u015f\u0131yan meyveler, kooperatifte g\u00f6n\u00fcll\u00fc olarak \u00e7al\u0131\u015fan kad\u0131nlar\u0131n h\u00fcnerli ellerinde re\u00e7ele d\u00f6n\u00fc\u015f\u00fcyor. T\u00fcrkiye\u2019nin turizm ba\u015fkenti Ku\u015fadas\u0131\u2019n\u0131n cadde ve sokaklar\u0131nda turun\u00e7giller familyas\u0131ndan gelen&#8230;<\/p>\n","protected":false},"author":1,"featured_media":21582,"comment_status":"open","ping_status":"open","sticky":false,"template":"","format":"standard","meta":{"_crdt_document":"","footnotes":""},"categories":[125],"tags":[],"class_list":["post-21581","post","type-post","status-publish","format-standard","has-post-thumbnail","hentry","category-ekonomi"],"_links":{"self":[{"href":"https:\/\/www.egemtv.com\/index.php?rest_route=\/wp\/v2\/posts\/21581","targetHints":{"allow":["GET"]}}],"collection":[{"href":"https:\/\/www.egemtv.com\/index.php?rest_route=\/wp\/v2\/posts"}],"about":[{"href":"https:\/\/www.egemtv.com\/index.php?rest_route=\/wp\/v2\/types\/post"}],"author":[{"embeddable":true,"href":"https:\/\/www.egemtv.com\/index.php?rest_route=\/wp\/v2\/users\/1"}],"replies":[{"embeddable":true,"href":"https:\/\/www.egemtv.com\/index.php?rest_route=%2Fwp%2Fv2%2Fcomments&post=21581"}],"version-history":[{"count":1,"href":"https:\/\/www.egemtv.com\/index.php?rest_route=\/wp\/v2\/posts\/21581\/revisions"}],"predecessor-version":[{"id":21583,"href":"https:\/\/www.egemtv.com\/index.php?rest_route=\/wp\/v2\/posts\/21581\/revisions\/21583"}],"wp:featuredmedia":[{"embeddable":true,"href":"https:\/\/www.egemtv.com\/index.php?rest_route=\/wp\/v2\/media\/21582"}],"wp:attachment":[{"href":"https:\/\/www.egemtv.com\/index.php?rest_route=%2Fwp%2Fv2%2Fmedia&parent=21581"}],"wp:term":[{"taxonomy":"category","embeddable":true,"href":"https:\/\/www.egemtv.com\/index.php?rest_route=%2Fwp%2Fv2%2Fcategories&post=21581"},{"taxonomy":"post_tag","embeddable":true,"href":"https:\/\/www.egemtv.com\/index.php?rest_route=%2Fwp%2Fv2%2Ftags&post=21581"}],"curies":[{"name":"wp","href":"https:\/\/api.w.org\/{rel}","templated":true}]}}