{"id":21578,"date":"2025-02-22T09:15:05","date_gmt":"2025-02-22T06:15:05","guid":{"rendered":"https:\/\/www.egemtv.com\/?p=21578"},"modified":"2025-02-22T09:15:09","modified_gmt":"2025-02-22T06:15:09","slug":"germencik-belediyesi-yaka-kamerasi-uygulamasina-gecti","status":"publish","type":"post","link":"https:\/\/www.egemtv.com\/?p=21578","title":{"rendered":"Germencik Belediyesi, yaka kameras\u0131 uygulamas\u0131na ge\u00e7ti"},"content":{"rendered":"<p>Germencik Belediye Ba\u015fkan\u0131 Burak Zencirci \u015feffaf belediyecilik ilkesi \u00e7er\u00e7evesinde bir uygulamay\u0131 daha hayata ge\u00e7irerek bu anlamda \u00f6nemli bir \u00e7al\u0131\u015fmaya imza att\u0131. Zab\u0131ta memurlar\u0131n\u0131n g\u00f6revlerini yerine getirirken a\u00e7\u0131k ve \u015feffaf bir \u015fekilde hizmet sunabilmeleri i\u00e7in yaka kameras\u0131 uygulamas\u0131na ge\u00e7ildi.<br \/>\n<br \/>Uygulama ile zab\u0131ta memurlar\u0131 denetim s\u0131ras\u0131nda yaka kameras\u0131 arac\u0131l\u0131\u011f\u0131yla sesli ve g\u00f6r\u00fcnt\u00fcl\u00fc kay\u0131t alt\u0131nda i\u015flemlerini ger\u00e7ekle\u015ftirecek. Belge mahiyetinde olacak olan bu kay\u0131tlar bir itiraz ve uyu\u015fmazl\u0131k durumunda vatanda\u015flar\u0131n talepleri do\u011frultusunda incelenebilecek. Bu yolla a\u00e7\u0131k ve \u015feffaf hizmet politikas\u0131 do\u011frultusunda hem vatanda\u015flar\u0131n itiraz\u0131na konu olacak olan i\u015f ve i\u015flemler de\u011ferlendirilecek, hem de zab\u0131ta memurlar\u0131n\u0131n etkin bir \u015fekilde denetimi sa\u011flanacak. Sesli ve g\u00f6r\u00fcnt\u00fcl\u00fc kay\u0131t alan yaka kameras\u0131 ta\u015f\u0131yacak olan zab\u0131ta memurlar\u0131 esnaf ve vatanda\u015flara bu durumu ifade ederek g\u00f6revlerini yerine getirecek.<br \/>\n<br \/>Konuyla ilgili a\u00e7\u0131klama yapan Germencik Belediye Ba\u015fkan\u0131 Burak Zencirci a\u00e7\u0131k ve \u015feffaf belediyecili\u011fe dikkat \u00e7ekerek amac\u0131m\u0131z vatanda\u015f\u0131m\u0131z\u0131n menfaatlerine hizmet etmek, onlar\u0131n huzur ve mutlulu\u011fu i\u00e7in \u00e7al\u0131\u015fmak dedi. Ba\u015fkan Zencirci &#8220;G\u00f6reve geldi\u011fimiz g\u00fcnden bug\u00fcne halkla i\u00e7 i\u00e7e, halk i\u00e7in bir belediyecilik anlay\u0131\u015f\u0131yla hizmet ve yat\u0131r\u0131mlar\u0131m\u0131za devam ediyoruz. A\u00e7\u0131k ve \u015feffaf bir y\u00f6netim anlay\u0131\u015f\u0131 olmazsa olmaz\u0131m\u0131z ve ana ilkemiz. Bu \u00e7er\u00e7evede sahadaki en etkin birimlerimizden birisi olan ve sizlerin huzur ve g\u00fcvenli\u011fi i\u00e7in \u00e7al\u0131\u015fan zab\u0131ta personelimiz art\u0131k yaka kameras\u0131yla hizmetinizde olacak. Hayata ge\u00e7irdi\u011fimiz uygulama do\u011frultusunda sesli ve g\u00f6r\u00fcnt\u00fcl\u00fc kay\u0131t yapan yaka kameralar\u0131n\u0131n ald\u0131\u011f\u0131 kay\u0131tlar\u0131 talepleriniz do\u011frultusunda inceleyebilece\u011fiz. Bu sayede kimsenin kafas\u0131nda soru i\u015fareti kalmayacak, uyu\u015fmazl\u0131k ve itirazlar \u00e7\u00f6z\u00fcme ula\u015facak, zab\u0131talar\u0131m\u0131z\u0131n da tam denetimini sa\u011flayaca\u011f\u0131z&#8221; dedi.<br \/><\/p>\n","protected":false},"excerpt":{"rendered":"<p>Germencik Belediye Ba\u015fkan\u0131 Burak Zencirci \u015feffaf belediyecilik ilkesi \u00e7er\u00e7evesinde bir uygulamay\u0131 daha hayata ge\u00e7irerek bu anlamda \u00f6nemli bir \u00e7al\u0131\u015fmaya imza att\u0131. Zab\u0131ta memurlar\u0131n\u0131n g\u00f6revlerini yerine getirirken a\u00e7\u0131k ve \u015feffaf bir \u015fekilde hizmet sunabilmeleri i\u00e7in yaka kameras\u0131 uygulamas\u0131na ge\u00e7ildi. Uygulama ile zab\u0131ta memurlar\u0131 denetim s\u0131ras\u0131nda yaka kameras\u0131 arac\u0131l\u0131\u011f\u0131yla sesli ve g\u00f6r\u00fcnt\u00fcl\u00fc kay\u0131t alt\u0131nda i\u015flemlerini ger\u00e7ekle\u015ftirecek. Belge&#8230;<\/p>\n","protected":false},"author":1,"featured_media":21579,"comment_status":"open","ping_status":"open","sticky":false,"template":"","format":"standard","meta":{"_crdt_document":"","footnotes":""},"categories":[1],"tags":[],"class_list":["post-21578","post","type-post","status-publish","format-standard","has-post-thumbnail","hentry","category-guncel"],"_links":{"self":[{"href":"https:\/\/www.egemtv.com\/index.php?rest_route=\/wp\/v2\/posts\/21578","targetHints":{"allow":["GET"]}}],"collection":[{"href":"https:\/\/www.egemtv.com\/index.php?rest_route=\/wp\/v2\/posts"}],"about":[{"href":"https:\/\/www.egemtv.com\/index.php?rest_route=\/wp\/v2\/types\/post"}],"author":[{"embeddable":true,"href":"https:\/\/www.egemtv.com\/index.php?rest_route=\/wp\/v2\/users\/1"}],"replies":[{"embeddable":true,"href":"https:\/\/www.egemtv.com\/index.php?rest_route=%2Fwp%2Fv2%2Fcomments&post=21578"}],"version-history":[{"count":1,"href":"https:\/\/www.egemtv.com\/index.php?rest_route=\/wp\/v2\/posts\/21578\/revisions"}],"predecessor-version":[{"id":21580,"href":"https:\/\/www.egemtv.com\/index.php?rest_route=\/wp\/v2\/posts\/21578\/revisions\/21580"}],"wp:featuredmedia":[{"embeddable":true,"href":"https:\/\/www.egemtv.com\/index.php?rest_route=\/wp\/v2\/media\/21579"}],"wp:attachment":[{"href":"https:\/\/www.egemtv.com\/index.php?rest_route=%2Fwp%2Fv2%2Fmedia&parent=21578"}],"wp:term":[{"taxonomy":"category","embeddable":true,"href":"https:\/\/www.egemtv.com\/index.php?rest_route=%2Fwp%2Fv2%2Fcategories&post=21578"},{"taxonomy":"post_tag","embeddable":true,"href":"https:\/\/www.egemtv.com\/index.php?rest_route=%2Fwp%2Fv2%2Ftags&post=21578"}],"curies":[{"name":"wp","href":"https:\/\/api.w.org\/{rel}","templated":true}]}}