{"id":21575,"date":"2025-02-22T09:15:00","date_gmt":"2025-02-22T06:15:00","guid":{"rendered":"https:\/\/www.egemtv.com\/?p=21575"},"modified":"2025-02-22T09:15:04","modified_gmt":"2025-02-22T06:15:04","slug":"trafik-ekipleri-ogrenciler-ile-birlikte-yaya-onceligine-dikkat-cekti","status":"publish","type":"post","link":"https:\/\/www.egemtv.com\/?p=21575","title":{"rendered":"Trafik ekipleri, \u00f6\u011frenciler ile birlikte yaya \u00f6nceli\u011fine dikkat \u00e7ekti"},"content":{"rendered":"<p>Trafikte yaya \u00f6nceli\u011fi bilincinin olu\u015fturulmas\u0131 hedefiyle ger\u00e7ekle\u015ftirilen etkinlikte, trafik polisleri \u00f6\u011frenciler ile birlikte yaya \u00f6nceli\u011fine dikkat \u00e7ekerken, \u00e7ocuklara trafik e\u011fitimi verdi.<\/p>\n<p>At\u00e7a Had\u0131lo\u011flu \u0130brahim Uzun\u0131rmak Ortaokulu\u2019nda ger\u00e7ekle\u015ftirilen e\u011fitimlerde 150 \u00f6\u011frenci emniyet kemeri ve g\u00fcvenli yol kullan\u0131m\u0131 konular\u0131nda bilgilendirildi. Ayr\u0131ca okulun \u00f6\u011frencilerinden belirlenen okul ge\u00e7it g\u00f6revlilerine de uygulamal\u0131 e\u011fitim verildi. Trafik ekipleri okul \u00f6nlerindeki yaya ge\u00e7itlerinde \u00f6\u011frenciler ile birlikte uygulama yaparak yaya \u00f6nceli\u011fine dikkat \u00e7ekti. Ayr\u0131ca \u00f6\u011frencilerin huzur ve g\u00fcven i\u00e7erisinde yolculuk yapmalar\u0131n\u0131 sa\u011flamak amac\u0131yla okul servis ara\u00e7lar\u0131 da denetlenerek belge kontrolleri yap\u0131ld\u0131.<\/p>\n<p>Konu ile ilgili Sultanhisar Kaymakaml\u0131\u011f\u0131\u2019ndan yap\u0131lan a\u00e7\u0131klamada &#8220;Sultanhisar \u0130l\u00e7e Emniyet Amirli\u011fi g\u00f6revlilerince \u00f6\u011frencilerin okul servis ara\u00e7lar\u0131nda huzur ve g\u00fcven i\u00e7erisinde yolculuk yapmalar\u0131n\u0131 sa\u011flamak amac\u0131yla il\u00e7emizde mevcut bulunan 17 okul servis arac\u0131 denetlenmi\u015f. At\u00e7a Had\u0131lo\u011flu \u0130brahim Uzun\u0131rmak Ortaokulu \u00f6\u011frencilerinden okul ge\u00e7it g\u00f6revlileri belirlenerek gerekli e\u011fitimleri uygulamal\u0131 olarak verilmi\u015f ve 150 \u00f6\u011frenci emniyet kemeri ve g\u00fcvenli yol kullan\u0131m\u0131 konular\u0131nda bilgilendirilmi\u015ftir&#8221; ifadeleri yer ald\u0131.<br \/><\/p>\n","protected":false},"excerpt":{"rendered":"<p>Trafikte yaya \u00f6nceli\u011fi bilincinin olu\u015fturulmas\u0131 hedefiyle ger\u00e7ekle\u015ftirilen etkinlikte, trafik polisleri \u00f6\u011frenciler ile birlikte yaya \u00f6nceli\u011fine dikkat \u00e7ekerken, \u00e7ocuklara trafik e\u011fitimi verdi. At\u00e7a Had\u0131lo\u011flu \u0130brahim Uzun\u0131rmak Ortaokulu\u2019nda ger\u00e7ekle\u015ftirilen e\u011fitimlerde 150 \u00f6\u011frenci emniyet kemeri ve g\u00fcvenli yol kullan\u0131m\u0131 konular\u0131nda bilgilendirildi. Ayr\u0131ca okulun \u00f6\u011frencilerinden belirlenen okul ge\u00e7it g\u00f6revlilerine de uygulamal\u0131 e\u011fitim verildi. Trafik ekipleri okul \u00f6nlerindeki yaya ge\u00e7itlerinde&#8230;<\/p>\n","protected":false},"author":1,"featured_media":21576,"comment_status":"open","ping_status":"open","sticky":false,"template":"","format":"standard","meta":{"_crdt_document":"","footnotes":""},"categories":[1],"tags":[],"class_list":["post-21575","post","type-post","status-publish","format-standard","has-post-thumbnail","hentry","category-guncel"],"_links":{"self":[{"href":"https:\/\/www.egemtv.com\/index.php?rest_route=\/wp\/v2\/posts\/21575","targetHints":{"allow":["GET"]}}],"collection":[{"href":"https:\/\/www.egemtv.com\/index.php?rest_route=\/wp\/v2\/posts"}],"about":[{"href":"https:\/\/www.egemtv.com\/index.php?rest_route=\/wp\/v2\/types\/post"}],"author":[{"embeddable":true,"href":"https:\/\/www.egemtv.com\/index.php?rest_route=\/wp\/v2\/users\/1"}],"replies":[{"embeddable":true,"href":"https:\/\/www.egemtv.com\/index.php?rest_route=%2Fwp%2Fv2%2Fcomments&post=21575"}],"version-history":[{"count":1,"href":"https:\/\/www.egemtv.com\/index.php?rest_route=\/wp\/v2\/posts\/21575\/revisions"}],"predecessor-version":[{"id":21577,"href":"https:\/\/www.egemtv.com\/index.php?rest_route=\/wp\/v2\/posts\/21575\/revisions\/21577"}],"wp:featuredmedia":[{"embeddable":true,"href":"https:\/\/www.egemtv.com\/index.php?rest_route=\/wp\/v2\/media\/21576"}],"wp:attachment":[{"href":"https:\/\/www.egemtv.com\/index.php?rest_route=%2Fwp%2Fv2%2Fmedia&parent=21575"}],"wp:term":[{"taxonomy":"category","embeddable":true,"href":"https:\/\/www.egemtv.com\/index.php?rest_route=%2Fwp%2Fv2%2Fcategories&post=21575"},{"taxonomy":"post_tag","embeddable":true,"href":"https:\/\/www.egemtv.com\/index.php?rest_route=%2Fwp%2Fv2%2Ftags&post=21575"}],"curies":[{"name":"wp","href":"https:\/\/api.w.org\/{rel}","templated":true}]}}