{"id":21572,"date":"2025-02-22T09:03:02","date_gmt":"2025-02-22T06:03:02","guid":{"rendered":"https:\/\/www.egemtv.com\/?p=21572"},"modified":"2025-02-22T09:03:04","modified_gmt":"2025-02-22T06:03:04","slug":"zeytinde-halkali-leke-hastaligi-ile-mucadele-cagrisi","status":"publish","type":"post","link":"https:\/\/www.egemtv.com\/?p=21572","title":{"rendered":"Zeytinde Halkal\u0131 Leke Hastal\u0131\u011f\u0131 ile m\u00fccadele \u00e7a\u011fr\u0131s\u0131"},"content":{"rendered":"<p>Ayd\u0131n\u2019da zeytinde halkal\u0131 leke hastal\u0131\u011f\u0131 ile m\u00fccadele zaman\u0131n\u0131n geldi\u011fini hat\u0131rlatan Didim \u0130l\u00e7e Tar\u0131m ve Orman M\u00fcd\u00fcrl\u00fc\u011f\u00fc, hasad\u0131 biten bah\u00e7elerde ila\u00e7lamalar\u0131n ba\u015flamas\u0131na y\u00f6nelik \u00fcreticileri uyard\u0131.<\/p>\n<p>T\u00fcrkiye\u2019nin zeytin a\u011fac\u0131 varl\u0131\u011f\u0131 en \u00e7ok illerden olan Ayd\u0131n\u2019da, zeytin hasat sezonunda sona yakla\u015f\u0131l\u0131rken, Didim \u0130l\u00e7e Tar\u0131m ve Orman M\u00fcd\u00fcrl\u00fc\u011f\u00fc, \u00fcreticileri zeytinde halkal\u0131 leke hastal\u0131\u011f\u0131 konusunda uyard\u0131. Halkal\u0131 leke hastal\u0131\u011f\u0131 riskinin en \u00fcst seviyeye \u00e7\u0131kt\u0131\u011f\u0131 d\u00f6neme gelindi\u011fini belirten yetkililer, \u00fcreticilere m\u00fccadele \u00e7a\u011fr\u0131s\u0131nda bulundu. Yaprak d\u00f6k\u00fcm\u00fcne neden olan zeytin halkal\u0131 leke hastal\u0131\u011f\u0131na kar\u015f\u0131 Didim \u0130l\u00e7e Tar\u0131m ve Orman M\u00fcd\u00fcrl\u00fc\u011f\u00fcnce hasad\u0131 biten bah\u00e7elerde ila\u00e7lama \u00e7al\u0131\u015fmalar\u0131n\u0131n en k\u0131sa zamanda ba\u015flanmas\u0131 gerekti\u011fi vurguland\u0131.<\/p>\n<p>Yetkililer, ya\u011f\u0131\u015fl\u0131 ve r\u00fczgarl\u0131 havalarda ila\u00e7lama yap\u0131lmamas\u0131, sabahlar\u0131 \u00e7i\u011f kalkt\u0131ktan sonra ila\u00e7lama yap\u0131lmas\u0131, kullan\u0131lacak ila\u00e7lar\u0131n a\u011fac\u0131n t\u00fcm aksam\u0131 kaplayacak \u015fekilde uygulanmas\u0131na, insan ve \u00e7evre sa\u011fl\u0131\u011f\u0131 a\u00e7\u0131s\u0131ndan gerekli \u00f6nlemlerin al\u0131nmas\u0131na dikkat edilmesi gerekti\u011fini belirtti.<\/p>\n<p>Konu ile ilgili Didim \u0130l\u00e7e Tar\u0131m ve Orman M\u00fcd\u00fcrl\u00fc\u011f\u00fc\u2019nden yap\u0131lan a\u00e7\u0131klamada &#8220;Zeytin a\u011fa\u00e7lar\u0131nda zarar yapan Zeytinde Halkal\u0131 Leke hastal\u0131\u011f\u0131na kar\u015f\u0131 m\u00fccadele zaman\u0131 gelmi\u015ftir. \u00d6zellikle drenaj\u0131 yetersiz, hakim r\u00fczgarlara kapal\u0131, s\u0131k dikilmi\u015f, budama yap\u0131lmam\u0131\u015f, iyi havalanmayan taban arazilerde daha fazla hastal\u0131k yapan etmene kar\u015f\u0131 \u00e7ift\u00e7ilerimizin Zeytinde Halkal\u0131 Leke Hastal\u0131\u011f\u0131na ruhsatl\u0131 ila\u00e7larla m\u00fccadele yapmalar\u0131 \u00f6nemle duyurulur&#8221; ifadeleri yer ald\u0131.<br \/><\/p>\n","protected":false},"excerpt":{"rendered":"<p>Ayd\u0131n\u2019da zeytinde halkal\u0131 leke hastal\u0131\u011f\u0131 ile m\u00fccadele zaman\u0131n\u0131n geldi\u011fini hat\u0131rlatan Didim \u0130l\u00e7e Tar\u0131m ve Orman M\u00fcd\u00fcrl\u00fc\u011f\u00fc, hasad\u0131 biten bah\u00e7elerde ila\u00e7lamalar\u0131n ba\u015flamas\u0131na y\u00f6nelik \u00fcreticileri uyard\u0131. T\u00fcrkiye\u2019nin zeytin a\u011fac\u0131 varl\u0131\u011f\u0131 en \u00e7ok illerden olan Ayd\u0131n\u2019da, zeytin hasat sezonunda sona yakla\u015f\u0131l\u0131rken, Didim \u0130l\u00e7e Tar\u0131m ve Orman M\u00fcd\u00fcrl\u00fc\u011f\u00fc, \u00fcreticileri zeytinde halkal\u0131 leke hastal\u0131\u011f\u0131 konusunda uyard\u0131. Halkal\u0131 leke hastal\u0131\u011f\u0131 riskinin&#8230;<\/p>\n","protected":false},"author":1,"featured_media":21573,"comment_status":"open","ping_status":"open","sticky":false,"template":"","format":"standard","meta":{"_crdt_document":"","footnotes":""},"categories":[1],"tags":[],"class_list":["post-21572","post","type-post","status-publish","format-standard","has-post-thumbnail","hentry","category-guncel"],"_links":{"self":[{"href":"https:\/\/www.egemtv.com\/index.php?rest_route=\/wp\/v2\/posts\/21572","targetHints":{"allow":["GET"]}}],"collection":[{"href":"https:\/\/www.egemtv.com\/index.php?rest_route=\/wp\/v2\/posts"}],"about":[{"href":"https:\/\/www.egemtv.com\/index.php?rest_route=\/wp\/v2\/types\/post"}],"author":[{"embeddable":true,"href":"https:\/\/www.egemtv.com\/index.php?rest_route=\/wp\/v2\/users\/1"}],"replies":[{"embeddable":true,"href":"https:\/\/www.egemtv.com\/index.php?rest_route=%2Fwp%2Fv2%2Fcomments&post=21572"}],"version-history":[{"count":1,"href":"https:\/\/www.egemtv.com\/index.php?rest_route=\/wp\/v2\/posts\/21572\/revisions"}],"predecessor-version":[{"id":21574,"href":"https:\/\/www.egemtv.com\/index.php?rest_route=\/wp\/v2\/posts\/21572\/revisions\/21574"}],"wp:featuredmedia":[{"embeddable":true,"href":"https:\/\/www.egemtv.com\/index.php?rest_route=\/wp\/v2\/media\/21573"}],"wp:attachment":[{"href":"https:\/\/www.egemtv.com\/index.php?rest_route=%2Fwp%2Fv2%2Fmedia&parent=21572"}],"wp:term":[{"taxonomy":"category","embeddable":true,"href":"https:\/\/www.egemtv.com\/index.php?rest_route=%2Fwp%2Fv2%2Fcategories&post=21572"},{"taxonomy":"post_tag","embeddable":true,"href":"https:\/\/www.egemtv.com\/index.php?rest_route=%2Fwp%2Fv2%2Ftags&post=21572"}],"curies":[{"name":"wp","href":"https:\/\/api.w.org\/{rel}","templated":true}]}}