{"id":21569,"date":"2025-02-21T23:46:45","date_gmt":"2025-02-21T20:46:45","guid":{"rendered":"https:\/\/www.egemtv.com\/?p=21569"},"modified":"2025-02-21T23:46:49","modified_gmt":"2025-02-21T20:46:49","slug":"jose-morais-onemli-bir-3-puandi","status":"publish","type":"post","link":"https:\/\/www.egemtv.com\/?p=21569","title":{"rendered":"Jose Morais: &#8220;\u00d6nemli bir 3 puand\u0131&#8221;"},"content":{"rendered":"<p>Bodrum FK Teknik Direkt\u00f6r\u00fc Jose Morais, Ataka\u015f Hatayspor ma\u00e7\u0131n\u0131n ard\u0131ndan, &#8220;Ger\u00e7ekten \u00f6nemli bir 3 puan ald\u0131\u011f\u0131m\u0131z\u0131 s\u00f6yleyebilirim. Ma\u00e7a bakt\u0131\u011f\u0131n\u0131z zaman \u00f6zellikle ma\u00e7\u0131n son b\u00f6l\u00fcm\u00fcnde birden fazla gol atabilece\u011fimiz \u015fanslar vard\u0131&#8221;  dedi.<br \/>\n<br \/>Trendyol S\u00fcper Lig\u2019in 25. haftas\u0131nda Bodrum FK, sahas\u0131nda kar\u015f\u0131la\u015ft\u0131\u011f\u0131 Ataka\u015f Hatayspor\u2019u 1-0 ma\u011flup etti. Ma\u00e7\u0131n ard\u0131ndan Bodrum FK Teknik Direkt\u00f6r\u00fc Jose Morais a\u00e7\u0131klamalarda bulundu. Morais, &#8220;Oyuncular\u0131m\u0131 galibiyet i\u00e7in tebrik ediyorum. Ger\u00e7ekten \u00f6nemli bir 3 puan ald\u0131\u011f\u0131m\u0131z\u0131 s\u00f6yleyebilirim. Ma\u00e7a bakt\u0131\u011f\u0131n\u0131z zaman \u00f6zellikle ma\u00e7\u0131n son b\u00f6l\u00fcm\u00fcnde birden fazla gol atabilece\u011fimiz \u015fanslar vard\u0131. Onlar\u0131 de\u011ferlendirebilseydik daha farkl\u0131 bir sonu\u00e7ta olabilirdi. Son pozisyonlarda biraz daha bitirici olabilirdik diye d\u00fc\u015f\u00fcn\u00fcyorum. Hafta boyunca \u00e7ok \u00e7al\u0131\u015ft\u0131k, oyuncular\u0131m\u0131z bunun kar\u015f\u0131l\u0131\u011f\u0131nda \u00e7ok iyi performans sergiledi. \u0130\u015fin ofansif taraf\u0131nda biraz daha girdi\u011fimiz pozisyonlar\u0131 iyi de\u011ferlendirebilirsek daha fazla gol atabilece\u011fimiz anlar olacakt\u0131. Savunma taraf\u0131nda oyuncular\u0131m iyi \u00e7al\u0131\u015ft\u0131, gol yemedik, rakibe fazla gol f\u0131rsat\u0131 vermedik. Tak\u0131m halinde iyi savunma yapt\u0131\u011f\u0131m\u0131z\u0131 s\u00f6yleyebilirim. Geli\u015fmeye ve \u00e7al\u0131\u015fmaya devam ediyoruz. Bunu s\u00fcrd\u00fcrerek \u00f6n\u00fcm\u00fczdeki ma\u00e7larda iyi sonu\u00e7 almaya \u00e7al\u0131\u015faca\u011f\u0131z. Hatayspor kendi bulundurduklar\u0131 kalitelerinin daha alt\u0131nda bir yerlerde asl\u0131nda. Baz\u0131 kaliteli ayaklara sahipler, iyi oyuncular sahipler. Bu ma\u00e7ta da onu g\u00f6rm\u00fc\u015f olduk, onlara da gelecek i\u00e7in \u015fimdiden ba\u015far\u0131lar dilerim. Taraftarlar\u0131m\u0131za destekleri i\u00e7in \u00e7ok te\u015fekk\u00fcr ederim. Taraftarlar\u0131m\u0131zla birlikte umar\u0131m gelecekte iyi \u015feyleri beraber ba\u015far\u0131r\u0131z&#8221; diye konu\u015ftu.<br \/><\/p>\n","protected":false},"excerpt":{"rendered":"<p>Bodrum FK Teknik Direkt\u00f6r\u00fc Jose Morais, Ataka\u015f Hatayspor ma\u00e7\u0131n\u0131n ard\u0131ndan, &#8220;Ger\u00e7ekten \u00f6nemli bir 3 puan ald\u0131\u011f\u0131m\u0131z\u0131 s\u00f6yleyebilirim. Ma\u00e7a bakt\u0131\u011f\u0131n\u0131z zaman \u00f6zellikle ma\u00e7\u0131n son b\u00f6l\u00fcm\u00fcnde birden fazla gol atabilece\u011fimiz \u015fanslar vard\u0131&#8221; dedi. Trendyol S\u00fcper Lig\u2019in 25. haftas\u0131nda Bodrum FK, sahas\u0131nda kar\u015f\u0131la\u015ft\u0131\u011f\u0131 Ataka\u015f Hatayspor\u2019u 1-0 ma\u011flup etti. Ma\u00e7\u0131n ard\u0131ndan Bodrum FK Teknik Direkt\u00f6r\u00fc Jose Morais a\u00e7\u0131klamalarda bulundu&#8230;.<\/p>\n","protected":false},"author":1,"featured_media":21570,"comment_status":"open","ping_status":"open","sticky":false,"template":"","format":"standard","meta":{"_crdt_document":"","footnotes":""},"categories":[4],"tags":[],"class_list":["post-21569","post","type-post","status-publish","format-standard","has-post-thumbnail","hentry","category-spor"],"_links":{"self":[{"href":"https:\/\/www.egemtv.com\/index.php?rest_route=\/wp\/v2\/posts\/21569","targetHints":{"allow":["GET"]}}],"collection":[{"href":"https:\/\/www.egemtv.com\/index.php?rest_route=\/wp\/v2\/posts"}],"about":[{"href":"https:\/\/www.egemtv.com\/index.php?rest_route=\/wp\/v2\/types\/post"}],"author":[{"embeddable":true,"href":"https:\/\/www.egemtv.com\/index.php?rest_route=\/wp\/v2\/users\/1"}],"replies":[{"embeddable":true,"href":"https:\/\/www.egemtv.com\/index.php?rest_route=%2Fwp%2Fv2%2Fcomments&post=21569"}],"version-history":[{"count":1,"href":"https:\/\/www.egemtv.com\/index.php?rest_route=\/wp\/v2\/posts\/21569\/revisions"}],"predecessor-version":[{"id":21571,"href":"https:\/\/www.egemtv.com\/index.php?rest_route=\/wp\/v2\/posts\/21569\/revisions\/21571"}],"wp:featuredmedia":[{"embeddable":true,"href":"https:\/\/www.egemtv.com\/index.php?rest_route=\/wp\/v2\/media\/21570"}],"wp:attachment":[{"href":"https:\/\/www.egemtv.com\/index.php?rest_route=%2Fwp%2Fv2%2Fmedia&parent=21569"}],"wp:term":[{"taxonomy":"category","embeddable":true,"href":"https:\/\/www.egemtv.com\/index.php?rest_route=%2Fwp%2Fv2%2Fcategories&post=21569"},{"taxonomy":"post_tag","embeddable":true,"href":"https:\/\/www.egemtv.com\/index.php?rest_route=%2Fwp%2Fv2%2Ftags&post=21569"}],"curies":[{"name":"wp","href":"https:\/\/api.w.org\/{rel}","templated":true}]}}