{"id":21563,"date":"2025-02-21T23:01:47","date_gmt":"2025-02-21T20:01:47","guid":{"rendered":"https:\/\/www.egemtv.com\/?p=21563"},"modified":"2025-02-21T23:01:51","modified_gmt":"2025-02-21T20:01:51","slug":"manisa-fk-boluspor-macinin-ardindan","status":"publish","type":"post","link":"https:\/\/www.egemtv.com\/?p=21563","title":{"rendered":"Manisa FK &#8211; Boluspor ma\u00e7\u0131n\u0131n ard\u0131ndan"},"content":{"rendered":"<p>Trendyol 1. Lig 26. haftas\u0131nda oynanan Manisa FK-Boluspor ma\u00e7\u0131n\u0131n ard\u0131ndan her iki tak\u0131m\u0131n teknik direkt\u00f6rleri m\u00fccadeleyi de\u011ferlendirdi.<br \/>\n<br \/>Trendyol 1. Lig 26. hafta a\u00e7\u0131l\u0131\u015f kar\u015f\u0131la\u015fmas\u0131nda Manisa FK sahas\u0131nda Boluspor\u2019a 2-0 yenildi. Kar\u015f\u0131la\u015fma sonras\u0131 d\u00fczenlenen bas\u0131n toplant\u0131s\u0131nda a\u00e7\u0131klamalarda bulunan Manisa FK Teknik Sorumlusu Mesut T\u00fcfenko\u011flu, &#8220;Kazanmay\u0131 arzu etti\u011fimiz bir m\u00fcsabaka idi. Ama maalesef kaybettik. Bunun i\u00e7in \u00fczg\u00fcn\u00fcz. Ma\u00e7 hakk\u0131nda s\u00f6yleyeceklerimize gelirsek ortada bir oyun giderken Boluspor\u2019un kontratakta serbest at\u0131\u015f kullan\u0131rken kalemizde gol\u00fc g\u00f6rd\u00fck 35. dakikada. Akabinde birazc\u0131k daha oyun d\u00fczenimizi ikinci devre biraz daha h\u00fccuma y\u00f6nelik kurmaya \u00e7al\u0131\u015ft\u0131k. Ama yine bir kontrataktan yedi\u011fimiz bir golle 2-0 ma\u011flup duruma d\u00fc\u015ft\u00fck. \u00dczg\u00fcn\u00fcz. \u00c7ok \u00e7abuk toparlan\u0131p \u00f6n\u00fcm\u00fczdeki m\u00fcsabakalara iyi bir \u015fekilde haz\u0131rlanmak durumunday\u0131z&#8221; dedi.<\/p>\n<p>Boluspor cephesi<br \/>\n<br \/>Boluspor Teknik Direkt\u00f6r\u00fc Yal\u00e7\u0131n Ko\u015fukavak ise yapt\u0131\u011f\u0131 de\u011ferlendirmede \u015funlar\u0131 s\u00f6yledi:<br \/>\n<br \/>&#8220;\u0130ki tak\u0131m a\u00e7\u0131s\u0131ndan da bence \u00e7ok kritik bir ma\u00e7t\u0131. Bizim ge\u00e7en hafta i\u00e7 sahada \u00e7ok kazanabilme ihtimalinin y\u00fcksek oldu\u011fu bir ma\u00e7\u0131 kazanamayarak avantaj yitirdik. O y\u00fczden i\u00e7 sahada ge\u00e7en hafta kazansayd\u0131k bug\u00fcn 39 puand\u0131k. O i\u00e7 sahadaki iki puan kayb\u0131n\u0131 burada telafi etmek i\u00e7in \u00e7\u0131kt\u0131k. Tabii ligin a\u015fa\u011f\u0131s\u0131na do\u011fru da alt\u0131 ve yukar\u0131s\u0131yla tam ortadayd\u0131k. \u00c7ok kritik bir ma\u00e7 oynad\u0131k. \u0130yi haz\u0131rlanm\u0131\u015ft\u0131k. Tabii \u00e7ok yeni geldi\u011fimden beri tak\u0131mda \u00e7ok antrenman yapmamam\u0131za ra\u011fmen teorik olarak bir\u00e7ok \u015feyi tak\u0131ma ge\u00e7irdik. Oyuncular bug\u00fcn \u00e7ok iyi m\u00fccadele ettiler. Taktiksel disipline \u00e7ok uyum g\u00f6sterdiler. Daha \u00f6nce \u00e7ok pozisyon veriyorduk rakibe. Amed ma\u00e7\u0131nda bir pozisyon verdik. Bug\u00fcn herhalde hi\u00e7 vermedik. O derin savunmalardaki topun kaleye yakla\u015fmas\u0131 normal. Biz zaten onu kendimiz istedik. Oyunun iki y\u00f6n\u00fcn\u00fc her ge\u00e7en g\u00fcn daha iyi oynamaya ba\u015flayaca\u011f\u0131z in\u015fallah. Bundan sonraki s\u00fcre\u00e7 i\u00e7eride kazan\u0131rsak sonra yukar\u0131lara do\u011fru b\u00f6yle bir hayalimiz, hedefimiz var. Oyuncular\u0131m\u0131 tebrik ediyorum. \u0130n\u015fallah devam\u0131 gelir diye temenni ediyorum. Manisa FK\u2019ya da ba\u015far\u0131lar diliyorum.&#8221;<br \/><\/p>\n","protected":false},"excerpt":{"rendered":"<p>Trendyol 1. Lig 26. haftas\u0131nda oynanan Manisa FK-Boluspor ma\u00e7\u0131n\u0131n ard\u0131ndan her iki tak\u0131m\u0131n teknik direkt\u00f6rleri m\u00fccadeleyi de\u011ferlendirdi. Trendyol 1. Lig 26. hafta a\u00e7\u0131l\u0131\u015f kar\u015f\u0131la\u015fmas\u0131nda Manisa FK sahas\u0131nda Boluspor\u2019a 2-0 yenildi. Kar\u015f\u0131la\u015fma sonras\u0131 d\u00fczenlenen bas\u0131n toplant\u0131s\u0131nda a\u00e7\u0131klamalarda bulunan Manisa FK Teknik Sorumlusu Mesut T\u00fcfenko\u011flu, &#8220;Kazanmay\u0131 arzu etti\u011fimiz bir m\u00fcsabaka idi. Ama maalesef kaybettik. Bunun i\u00e7in \u00fczg\u00fcn\u00fcz&#8230;.<\/p>\n","protected":false},"author":1,"featured_media":21564,"comment_status":"open","ping_status":"open","sticky":false,"template":"","format":"standard","meta":{"_crdt_document":"","footnotes":""},"categories":[4],"tags":[],"class_list":["post-21563","post","type-post","status-publish","format-standard","has-post-thumbnail","hentry","category-spor"],"_links":{"self":[{"href":"https:\/\/www.egemtv.com\/index.php?rest_route=\/wp\/v2\/posts\/21563","targetHints":{"allow":["GET"]}}],"collection":[{"href":"https:\/\/www.egemtv.com\/index.php?rest_route=\/wp\/v2\/posts"}],"about":[{"href":"https:\/\/www.egemtv.com\/index.php?rest_route=\/wp\/v2\/types\/post"}],"author":[{"embeddable":true,"href":"https:\/\/www.egemtv.com\/index.php?rest_route=\/wp\/v2\/users\/1"}],"replies":[{"embeddable":true,"href":"https:\/\/www.egemtv.com\/index.php?rest_route=%2Fwp%2Fv2%2Fcomments&post=21563"}],"version-history":[{"count":1,"href":"https:\/\/www.egemtv.com\/index.php?rest_route=\/wp\/v2\/posts\/21563\/revisions"}],"predecessor-version":[{"id":21565,"href":"https:\/\/www.egemtv.com\/index.php?rest_route=\/wp\/v2\/posts\/21563\/revisions\/21565"}],"wp:featuredmedia":[{"embeddable":true,"href":"https:\/\/www.egemtv.com\/index.php?rest_route=\/wp\/v2\/media\/21564"}],"wp:attachment":[{"href":"https:\/\/www.egemtv.com\/index.php?rest_route=%2Fwp%2Fv2%2Fmedia&parent=21563"}],"wp:term":[{"taxonomy":"category","embeddable":true,"href":"https:\/\/www.egemtv.com\/index.php?rest_route=%2Fwp%2Fv2%2Fcategories&post=21563"},{"taxonomy":"post_tag","embeddable":true,"href":"https:\/\/www.egemtv.com\/index.php?rest_route=%2Fwp%2Fv2%2Ftags&post=21563"}],"curies":[{"name":"wp","href":"https:\/\/api.w.org\/{rel}","templated":true}]}}