{"id":21554,"date":"2025-02-21T21:53:00","date_gmt":"2025-02-21T18:53:00","guid":{"rendered":"https:\/\/www.egemtv.com\/?p=21554"},"modified":"2025-02-21T21:53:02","modified_gmt":"2025-02-21T18:53:02","slug":"kutahyali-is-adami-evinde-olu-bulundu","status":"publish","type":"post","link":"https:\/\/www.egemtv.com\/?p=21554","title":{"rendered":"K\u00fctahyal\u0131 i\u015f adam\u0131 evinde \u00f6l\u00fc bulundu"},"content":{"rendered":"<p>K\u00fctahya\u2019n\u0131n tan\u0131nm\u0131\u015f i\u015f adamlar\u0131ndan olan G\u00fcrol K\u0131r\u00e7\u0131, ak\u015fam saatlerinde evinde \u00f6l\u00fc bulundu.<br \/>\n<br \/>Menderes Bulvar\u0131\u2019ndaki dairesinde ya\u015fayan G\u00fcrol K\u0131r\u00e7\u0131\u2019dan bir s\u00fcre haber alamayan yak\u0131nlar\u0131, durumu polis ve sa\u011fl\u0131k ekiplerine bildirdi. \u0130hbar \u00fczerine G\u00fcrol K\u0131r\u00e7\u0131\u2019n\u0131n yak\u0131nlar\u0131 ile birlikte adrese gelen ekipler, i\u00e7eri girdiklerinde K\u0131r\u00e7\u0131\u2019n\u0131n cans\u0131z bedenini buldu. K\u0131r\u00e7\u0131\u2019n\u0131n cesedi kesin \u00f6l\u00fcm sebebinin tespit edilmesi i\u00e7in otopsi yap\u0131lmak \u00fczere K\u00fctahya \u015eehir Hastanesine g\u00f6t\u00fcr\u00fcld\u00fc.<br \/>\n<br \/>G\u00fcrol K\u0131r\u00e7\u0131\u2019n\u0131n kalp rahats\u0131zl\u0131\u011f\u0131 bulundu\u011fu \u00f6ne s\u00fcr\u00fcl\u00fcrken, olayla ilgili soru\u015fturma ba\u015flat\u0131ld\u0131.<br \/><\/p>\n","protected":false},"excerpt":{"rendered":"<p>K\u00fctahya\u2019n\u0131n tan\u0131nm\u0131\u015f i\u015f adamlar\u0131ndan olan G\u00fcrol K\u0131r\u00e7\u0131, ak\u015fam saatlerinde evinde \u00f6l\u00fc bulundu. Menderes Bulvar\u0131\u2019ndaki dairesinde ya\u015fayan G\u00fcrol K\u0131r\u00e7\u0131\u2019dan bir s\u00fcre haber alamayan yak\u0131nlar\u0131, durumu polis ve sa\u011fl\u0131k ekiplerine bildirdi. \u0130hbar \u00fczerine G\u00fcrol K\u0131r\u00e7\u0131\u2019n\u0131n yak\u0131nlar\u0131 ile birlikte adrese gelen ekipler, i\u00e7eri girdiklerinde K\u0131r\u00e7\u0131\u2019n\u0131n cans\u0131z bedenini buldu. K\u0131r\u00e7\u0131\u2019n\u0131n cesedi kesin \u00f6l\u00fcm sebebinin tespit edilmesi i\u00e7in otopsi yap\u0131lmak&#8230;<\/p>\n","protected":false},"author":1,"featured_media":21555,"comment_status":"open","ping_status":"open","sticky":false,"template":"","format":"standard","meta":{"_crdt_document":"","footnotes":""},"categories":[5],"tags":[],"class_list":["post-21554","post","type-post","status-publish","format-standard","has-post-thumbnail","hentry","category-asayis"],"_links":{"self":[{"href":"https:\/\/www.egemtv.com\/index.php?rest_route=\/wp\/v2\/posts\/21554","targetHints":{"allow":["GET"]}}],"collection":[{"href":"https:\/\/www.egemtv.com\/index.php?rest_route=\/wp\/v2\/posts"}],"about":[{"href":"https:\/\/www.egemtv.com\/index.php?rest_route=\/wp\/v2\/types\/post"}],"author":[{"embeddable":true,"href":"https:\/\/www.egemtv.com\/index.php?rest_route=\/wp\/v2\/users\/1"}],"replies":[{"embeddable":true,"href":"https:\/\/www.egemtv.com\/index.php?rest_route=%2Fwp%2Fv2%2Fcomments&post=21554"}],"version-history":[{"count":1,"href":"https:\/\/www.egemtv.com\/index.php?rest_route=\/wp\/v2\/posts\/21554\/revisions"}],"predecessor-version":[{"id":21556,"href":"https:\/\/www.egemtv.com\/index.php?rest_route=\/wp\/v2\/posts\/21554\/revisions\/21556"}],"wp:featuredmedia":[{"embeddable":true,"href":"https:\/\/www.egemtv.com\/index.php?rest_route=\/wp\/v2\/media\/21555"}],"wp:attachment":[{"href":"https:\/\/www.egemtv.com\/index.php?rest_route=%2Fwp%2Fv2%2Fmedia&parent=21554"}],"wp:term":[{"taxonomy":"category","embeddable":true,"href":"https:\/\/www.egemtv.com\/index.php?rest_route=%2Fwp%2Fv2%2Fcategories&post=21554"},{"taxonomy":"post_tag","embeddable":true,"href":"https:\/\/www.egemtv.com\/index.php?rest_route=%2Fwp%2Fv2%2Ftags&post=21554"}],"curies":[{"name":"wp","href":"https:\/\/api.w.org\/{rel}","templated":true}]}}