{"id":21551,"date":"2025-02-21T21:52:54","date_gmt":"2025-02-21T18:52:54","guid":{"rendered":"https:\/\/www.egemtv.com\/?p=21551"},"modified":"2025-02-21T21:52:59","modified_gmt":"2025-02-21T18:52:59","slug":"dis-hekimini-basindan-vurdu-videosunu-cekip-annesine-yolladi","status":"publish","type":"post","link":"https:\/\/www.egemtv.com\/?p=21551","title":{"rendered":"Di\u015f hekimini ba\u015f\u0131ndan vurdu, videosunu \u00e7ekip annesine yollad\u0131"},"content":{"rendered":"<p>\u0130zmir\u2019in Konak il\u00e7esinde bir ki\u015fi, ortak i\u015f yapt\u0131\u011f\u0131n\u0131 ve kendisini zarara u\u011fratt\u0131\u011f\u0131n\u0131 iddia etti\u011fi di\u015f hekimini tabancayla ba\u015f\u0131ndan vurdu. Kan donduran olayda \u015f\u00fcpheli, vurdu\u011fu di\u015f hekiminin telefonundan videosunu \u00e7ekip annesine g\u00f6nderdi.<br \/>\n<br \/>Olay, Alsancak semti Ali \u00c7etinkaya Bulvar\u0131\u2019da bulunan bir apartman dairesinde meydana geldi. Edinilen bilgiye g\u00f6re, M.E. (35) di\u015f hekimi oldu\u011fu \u00f6\u011frenilen Mustafa Emrah D\u00fc\u015fmez\u2019in (49) oturdu\u011fu eve geldi. \u00c7\u0131kan tart\u0131\u015fman\u0131n b\u00fcy\u00fcd\u00fc\u011f\u00fc olayda M.E., tabancayla D\u00fc\u015fmez\u2019i ba\u015f\u0131ndan vurdu. Talihsiz adam kanlar i\u00e7erisinde kal\u0131rken, bu esnada Mustafa Emrah D\u00fc\u015fmez\u2019in telefonunu alan sald\u0131rgan, vurdu\u011fu adam\u0131n videosunu \u00e7ekip annesine g\u00f6nderdiktan sonra ka\u00e7t\u0131.<br \/>\n<br \/>O\u011flunun kanlar i\u00e7erisindeki videosunu g\u00f6r\u00fcnce hayat\u0131n\u0131n \u015fokunu ya\u015fayan kad\u0131n, durumu polise bildirdi. Olay yerine gelen sa\u011fl\u0131k ekiplerinin yapt\u0131\u011f\u0131 kontrolde a\u011f\u0131r yaraland\u0131\u011f\u0131 belirlenen Mustafa Emrah D\u00fc\u015fmez, ambulansla hastaneye kald\u0131r\u0131ld\u0131. Tedavi alt\u0131na al\u0131nan di\u015f hekiminin hayati tehlikesinin bulundu\u011fu \u00f6\u011frenildi. Olay yerinden ka\u00e7an \u015f\u00fcphelinin ise Asayi\u015f \u015eube M\u00fcd\u00fcrl\u00fc\u011f\u00fc Cinayet B\u00fcro Amirli\u011fi ekiplerinin \u00e7al\u0131\u015fmas\u0131yla Basmane semtinde oldu\u011fu belirlendi. \u015e\u00fcpheli, yunus polisleri taraf\u0131ndan yakalanarak g\u00f6zalt\u0131na al\u0131nd\u0131.<\/p>\n<p>Kendisini zarara u\u011fratt\u0131\u011f\u0131 i\u00e7in vurmu\u015f<br \/>\n<br \/>G\u00f6zalt\u0131na al\u0131nan M.E.\u2019nin ilk ifadesinde, Mustafa Emrah D\u00fc\u015fmez ile ortak i\u015f yapt\u0131klar\u0131n\u0131, D\u00fc\u015fmez\u2019in kendisini doland\u0131rd\u0131\u011f\u0131n\u0131 ve zarara u\u011fratt\u0131\u011f\u0131n\u0131, olay\u0131 da bu y\u00fczden ger\u00e7ekle\u015ftirdi\u011fini s\u00f6yledi\u011fi \u00f6\u011frenildi. Olayla ilgili ba\u015flat\u0131lan soru\u015fturma s\u00fcr\u00fcyor.<br \/><\/p>\n","protected":false},"excerpt":{"rendered":"<p>\u0130zmir\u2019in Konak il\u00e7esinde bir ki\u015fi, ortak i\u015f yapt\u0131\u011f\u0131n\u0131 ve kendisini zarara u\u011fratt\u0131\u011f\u0131n\u0131 iddia etti\u011fi di\u015f hekimini tabancayla ba\u015f\u0131ndan vurdu. Kan donduran olayda \u015f\u00fcpheli, vurdu\u011fu di\u015f hekiminin telefonundan videosunu \u00e7ekip annesine g\u00f6nderdi. Olay, Alsancak semti Ali \u00c7etinkaya Bulvar\u0131\u2019da bulunan bir apartman dairesinde meydana geldi. Edinilen bilgiye g\u00f6re, M.E. (35) di\u015f hekimi oldu\u011fu \u00f6\u011frenilen Mustafa Emrah D\u00fc\u015fmez\u2019in&#8230;<\/p>\n","protected":false},"author":1,"featured_media":21552,"comment_status":"open","ping_status":"open","sticky":false,"template":"","format":"standard","meta":{"_crdt_document":"","footnotes":""},"categories":[5],"tags":[],"class_list":["post-21551","post","type-post","status-publish","format-standard","has-post-thumbnail","hentry","category-asayis"],"_links":{"self":[{"href":"https:\/\/www.egemtv.com\/index.php?rest_route=\/wp\/v2\/posts\/21551","targetHints":{"allow":["GET"]}}],"collection":[{"href":"https:\/\/www.egemtv.com\/index.php?rest_route=\/wp\/v2\/posts"}],"about":[{"href":"https:\/\/www.egemtv.com\/index.php?rest_route=\/wp\/v2\/types\/post"}],"author":[{"embeddable":true,"href":"https:\/\/www.egemtv.com\/index.php?rest_route=\/wp\/v2\/users\/1"}],"replies":[{"embeddable":true,"href":"https:\/\/www.egemtv.com\/index.php?rest_route=%2Fwp%2Fv2%2Fcomments&post=21551"}],"version-history":[{"count":1,"href":"https:\/\/www.egemtv.com\/index.php?rest_route=\/wp\/v2\/posts\/21551\/revisions"}],"predecessor-version":[{"id":21553,"href":"https:\/\/www.egemtv.com\/index.php?rest_route=\/wp\/v2\/posts\/21551\/revisions\/21553"}],"wp:featuredmedia":[{"embeddable":true,"href":"https:\/\/www.egemtv.com\/index.php?rest_route=\/wp\/v2\/media\/21552"}],"wp:attachment":[{"href":"https:\/\/www.egemtv.com\/index.php?rest_route=%2Fwp%2Fv2%2Fmedia&parent=21551"}],"wp:term":[{"taxonomy":"category","embeddable":true,"href":"https:\/\/www.egemtv.com\/index.php?rest_route=%2Fwp%2Fv2%2Fcategories&post=21551"},{"taxonomy":"post_tag","embeddable":true,"href":"https:\/\/www.egemtv.com\/index.php?rest_route=%2Fwp%2Fv2%2Ftags&post=21551"}],"curies":[{"name":"wp","href":"https:\/\/api.w.org\/{rel}","templated":true}]}}