{"id":21545,"date":"2025-02-21T20:45:02","date_gmt":"2025-02-21T17:45:02","guid":{"rendered":"https:\/\/www.egemtv.com\/?p=21545"},"modified":"2025-02-21T20:45:07","modified_gmt":"2025-02-21T17:45:07","slug":"baskan-yalim-maliyeti-yari-yariya-dusurduk","status":"publish","type":"post","link":"https:\/\/www.egemtv.com\/?p=21545","title":{"rendered":"Ba\u015fkan Yal\u0131m; &#8220;Maliyeti yar\u0131 yar\u0131ya d\u00fc\u015f\u00fcrd\u00fck&#8221;"},"content":{"rendered":"<p>U\u015fak Belediyesi b\u00fcnyesinde bulunan \u00f6nemli merkezlerden Dokurevi\u2019nde yeni bir hizmete ba\u015flad\u0131. Bundan b\u00f6yle Dokurevi\u2019nde bulunan dikim at\u00f6lyesinde kendi personel \u00fcniformalar\u0131n\u0131 \u00fcreteceklerini a\u00e7\u0131klayan Ba\u015fkan Yal\u0131m; bu sayede hem daha kaliteli \u00fcr\u00fcnler elde ettiklerini hem de maliyeti yar\u0131 yar\u0131ya d\u00fc\u015f\u00fcrd\u00fcklerini s\u00f6yledi.<\/p>\n<p>Dikimevine giderek personeli ziyaret eden ve \u00e7al\u0131\u015fmalar\u0131 yerinde inceleyen Ba\u015fkan Yal\u0131m; &#8220;Buradaki arkada\u015flar\u0131m\u0131z \u00f6zveriyle \u00e7al\u0131\u015farak personel k\u0131yafetlerini dikiyor. Bu sayede maliyetlerde en az yar\u0131 yar\u0131ya bir d\u00fc\u015f\u00fc\u015f elde etmi\u015f oluyoruz. Bu ger\u00e7ekten \u00f6zellikle i\u00e7inde bulundu\u011fumuz ekonomik \u015fartlara g\u00f6re \u00e7ok b\u00fcy\u00fck bir ad\u0131m. Ben \u00f6zellikle burada t\u00fcm hassasiyetleriyle bu kaliteli \u00fcr\u00fcnleri imal eden personelime te\u015fekk\u00fcrlerimi sunuyorum. Hepsine de \u00e7al\u0131\u015fmalar\u0131nda kolayl\u0131klar diliyorum&#8221; dedi.<\/p>\n<p>Kapasite giderek artacak<br \/>\n<br \/>\u015eu anda alan\u0131nda uzman be\u015f personelin \u00e7al\u0131\u015ft\u0131\u011f\u0131 dikimevinde \u00f6zel g\u00fcvenliklerin ve sosyal tesislerde \u00e7al\u0131\u015fan a\u015f\u00e7\u0131 ve garsonlar\u0131n k\u0131yafetlerinin haz\u0131rland\u0131\u011f\u0131n\u0131 ifade eden Ba\u015fkan yal\u0131m; zaman i\u00e7erisinde \u015fof\u00f6rler, temizlik personeli ve su kanal personeli gibi farkl\u0131 alanlarda hizmet veren personelimizin de mesai boyunca giyece\u011fi \u00fcniformalar\u0131n burada haz\u0131rlanaca\u011f\u0131n\u0131 kaydetti.<br \/>\n<br \/>&#8220;Ne yap\u0131yorsak U\u015fak i\u00e7in yap\u0131yoruz&#8221; diyen Ba\u015fkan Yal\u0131m ayr\u0131ca ilerleyen zamanlarda U\u015faksporlu futbolcular\u0131n formalar\u0131n\u0131 da bu at\u00f6lyede dikeceklerini m\u00fcjdeledi.<\/p>\n<p>Farkl\u0131 \u00fcr\u00fcnler seri \u00fcretim<br \/>\n<br \/>Sanayi tipi makinelerin kullan\u0131ld\u0131\u011f\u0131 Dikimevi, d\u00fcz diki\u015f, overlok, kesim makineleri ve ilik d\u00fc\u011fme makineleri kullanarak asl\u0131na uygun ve kaliteli \u00fcr\u00fcnler imal ediyor. \u015eu ana kadar \u00f6zellikle g\u00fcvenlik personelinin \u00fc\u00e7l\u00fc tak\u0131mlar\u0131 ve sosyal tesis \u00e7al\u0131\u015fanlar\u0131n\u0131n k\u0131yafetleri olmak \u00fczere dokuz y\u00fczden fazla \u00fcr\u00fcn\u00fcn tamamlan\u0131p teslim edildi\u011fi dikimevinde bundan b\u00f6yle \u00e7al\u0131\u015fmalar h\u0131z kesmeden devam edecek.<br \/><\/p>\n","protected":false},"excerpt":{"rendered":"<p>U\u015fak Belediyesi b\u00fcnyesinde bulunan \u00f6nemli merkezlerden Dokurevi\u2019nde yeni bir hizmete ba\u015flad\u0131. Bundan b\u00f6yle Dokurevi\u2019nde bulunan dikim at\u00f6lyesinde kendi personel \u00fcniformalar\u0131n\u0131 \u00fcreteceklerini a\u00e7\u0131klayan Ba\u015fkan Yal\u0131m; bu sayede hem daha kaliteli \u00fcr\u00fcnler elde ettiklerini hem de maliyeti yar\u0131 yar\u0131ya d\u00fc\u015f\u00fcrd\u00fcklerini s\u00f6yledi. Dikimevine giderek personeli ziyaret eden ve \u00e7al\u0131\u015fmalar\u0131 yerinde inceleyen Ba\u015fkan Yal\u0131m; &#8220;Buradaki arkada\u015flar\u0131m\u0131z \u00f6zveriyle \u00e7al\u0131\u015farak personel&#8230;<\/p>\n","protected":false},"author":1,"featured_media":21546,"comment_status":"open","ping_status":"open","sticky":false,"template":"","format":"standard","meta":{"_crdt_document":"","footnotes":""},"categories":[125],"tags":[],"class_list":["post-21545","post","type-post","status-publish","format-standard","has-post-thumbnail","hentry","category-ekonomi"],"_links":{"self":[{"href":"https:\/\/www.egemtv.com\/index.php?rest_route=\/wp\/v2\/posts\/21545","targetHints":{"allow":["GET"]}}],"collection":[{"href":"https:\/\/www.egemtv.com\/index.php?rest_route=\/wp\/v2\/posts"}],"about":[{"href":"https:\/\/www.egemtv.com\/index.php?rest_route=\/wp\/v2\/types\/post"}],"author":[{"embeddable":true,"href":"https:\/\/www.egemtv.com\/index.php?rest_route=\/wp\/v2\/users\/1"}],"replies":[{"embeddable":true,"href":"https:\/\/www.egemtv.com\/index.php?rest_route=%2Fwp%2Fv2%2Fcomments&post=21545"}],"version-history":[{"count":1,"href":"https:\/\/www.egemtv.com\/index.php?rest_route=\/wp\/v2\/posts\/21545\/revisions"}],"predecessor-version":[{"id":21547,"href":"https:\/\/www.egemtv.com\/index.php?rest_route=\/wp\/v2\/posts\/21545\/revisions\/21547"}],"wp:featuredmedia":[{"embeddable":true,"href":"https:\/\/www.egemtv.com\/index.php?rest_route=\/wp\/v2\/media\/21546"}],"wp:attachment":[{"href":"https:\/\/www.egemtv.com\/index.php?rest_route=%2Fwp%2Fv2%2Fmedia&parent=21545"}],"wp:term":[{"taxonomy":"category","embeddable":true,"href":"https:\/\/www.egemtv.com\/index.php?rest_route=%2Fwp%2Fv2%2Fcategories&post=21545"},{"taxonomy":"post_tag","embeddable":true,"href":"https:\/\/www.egemtv.com\/index.php?rest_route=%2Fwp%2Fv2%2Ftags&post=21545"}],"curies":[{"name":"wp","href":"https:\/\/api.w.org\/{rel}","templated":true}]}}