{"id":21542,"date":"2025-02-21T20:34:32","date_gmt":"2025-02-21T17:34:32","guid":{"rendered":"https:\/\/www.egemtv.com\/?p=21542"},"modified":"2025-02-21T20:34:37","modified_gmt":"2025-02-21T17:34:37","slug":"kutahyada-vefa-mahallesi-kentsel-donusum-projesinde-kuralar-cekildi","status":"publish","type":"post","link":"https:\/\/www.egemtv.com\/?p=21542","title":{"rendered":"K\u00fctahya\u2019da Vefa Mahallesi kentsel d\u00f6n\u00fc\u015f\u00fcm projesinde kuralar \u00e7ekildi"},"content":{"rendered":"<p>\u00c7evre, \u015eehircilik ve \u0130klim De\u011fi\u015fikli\u011fi Bakanl\u0131\u011f\u0131 Kentsel D\u00f6n\u00fc\u015f\u00fcm Ba\u015fkanl\u0131\u011f\u0131 taraf\u0131ndan y\u00fcr\u00fct\u00fclen K\u00fctahya Merkez 1. Etap Vefa Mahallesi Kentsel D\u00f6n\u00fc\u015f\u00fcm Projesi \u00e7er\u00e7evesinde yap\u0131m\u0131 tamamlanan konutlar\u0131n kura \u00e7ekili\u015fi, Vali Musa I\u015f\u0131n ve il protokol\u00fcn\u00fcn kat\u0131l\u0131m\u0131yla ger\u00e7ekle\u015ftirildi.<br \/>\n<br \/>T\u00f6rende yap\u0131lan kura \u00e7ekimiyle 309 adet 2+1, 51 adet 3+1 konut ve 7 adet i\u015f yeri i\u00e7in hak sahipleri belirlendi. Kura t\u00f6reninde konu\u015fan Vali Musa I\u015f\u0131n, kentsel d\u00f6n\u00fc\u015f\u00fcm\u00fcn yaln\u0131zca binalar\u0131n yenilenmesi de\u011fil, ayn\u0131 zamanda gelece\u011fe yap\u0131lan b\u00fcy\u00fck bir yat\u0131r\u0131m oldu\u011funu vurgulad\u0131. Bug\u00fcne kadar TOK\u0130 taraf\u0131ndan K\u00fctahya\u2019ya 13 bin 878 konut kazand\u0131r\u0131ld\u0131\u011f\u0131n\u0131 s\u00f6yleyen Vali I\u015f\u0131n, &#8220;\u0130l\u00e7elerimizde de d\u00f6n\u00fc\u015f\u00fcm \u00e7al\u0131\u015fmalar\u0131m\u0131z h\u0131zla devam ediyor. Y\u0131k\u0131m i\u015flemleri tamamlanan b\u00f6lgelerde yeni, g\u00fcvenli ve modern yap\u0131lar y\u00fckseliyor. Amac\u0131m\u0131z, halk\u0131m\u0131z\u0131n en iyi ya\u015fam ko\u015fullar\u0131na sahip olmas\u0131n\u0131 sa\u011flamak. \u00c7\u00fcnk\u00fc biliyoruz ki, g\u00fcvenli ve sa\u011fl\u0131kl\u0131 ya\u015fam alanlar\u0131, insanlar\u0131m\u0131z\u0131n huzuru i\u00e7in vazge\u00e7ilmezdir&#8221; dedi.<\/p>\n<p>&#8220;Kentsel d\u00f6n\u00fc\u015f\u00fcm s\u00fcreci devam edecek&#8221;<br \/>\n<br \/>Vali I\u015f\u0131n, kentsel d\u00f6n\u00fc\u015f\u00fcm s\u00fcrecinin devam edece\u011fini belirterek, bu projelerin vatanda\u015flar\u0131 modern, depreme dayan\u0131kl\u0131 ve sa\u011fl\u0131kl\u0131 konutlara kavu\u015fturmay\u0131 ama\u00e7lad\u0131\u011f\u0131n\u0131 ifade etti. I\u015f\u0131n, &#8220;Bug\u00fcn burada da\u011f\u0131t\u0131lacak anahtarlar, bu d\u00f6n\u00fc\u015f\u00fcm\u00fcn sadece bir a\u015famas\u0131. \u00c7al\u0131\u015fmalar\u0131m\u0131z, ihtiya\u00e7 devam etti\u011fi s\u00fcrece s\u00fcrecek. Devletimizin sosyal devlet ilkesi gere\u011fi vatanda\u015f\u0131na en iyi ya\u015fam ko\u015fullar\u0131n\u0131 sunma sorumlulu\u011fumuz var. Say\u0131n Cumhurba\u015fkan\u0131m\u0131z\u0131n ve h\u00fck\u00fcmetimizin \u00f6nc\u00fcl\u00fc\u011f\u00fcnde t\u00fcm ilgili kurumlar\u0131m\u0131zla koordineli bir \u015fekilde \u00e7al\u0131\u015fmaya devam ediyoruz. Her mahallede, her il\u00e7ede kentsel d\u00f6n\u00fc\u015f\u00fcm\u00fcn en iyi \u015fekilde uygulanmas\u0131 i\u00e7in gayret g\u00f6steriyoruz&#8221; dedi.<br \/>\n<br \/>Mara\u015f depremiyle birlikte g\u00fcvenli yap\u0131lar\u0131n \u00f6neminin bir kez daha ortaya \u00e7\u0131kt\u0131\u011f\u0131n\u0131 belirten Vali I\u015f\u0131n, TOK\u0130 \u00f6nc\u00fcl\u00fc\u011f\u00fcnde y\u00fcr\u00fct\u00fclen projelerde en y\u00fcksek g\u00fcvenlik standartlar\u0131n\u0131n uyguland\u0131\u011f\u0131n\u0131 ifade etti.<\/p>\n<p>&#8220;Mara\u015f depreminde devletimizin in\u015fa etti\u011fi konutlar sa\u011flam kald\u0131&#8221;<br \/>\n<br \/>Mara\u015f depreminde devletin in\u015fa etti\u011fi konutlar\u0131n sa\u011flam kald\u0131\u011f\u0131n\u0131 hep birlikte g\u00f6rd\u00fcklerini belirten Vali I\u015f\u0131n, &#8220;Bu, teknik standartlara uygun in\u015fa edilen binalar\u0131n ne kadar \u00f6nemli oldu\u011funu bir kez daha kan\u0131tlad\u0131. \u0130n\u015fallah bundan sonraki s\u00fcre\u00e7te de hem\u015fehrilerimiz modern ve g\u00fcvenli konutlar\u0131nda huzur i\u00e7inde ya\u015fayacaklar. Bug\u00fcn konut sahibi olamayan vatanda\u015flar\u0131m\u0131z hi\u00e7 endi\u015felenmesinler. Onlar\u0131 da en k\u0131sa s\u00fcrede yeni yuvalar\u0131na kavu\u015fturmak i\u00e7in \u00e7al\u0131\u015fmalar\u0131m\u0131za devam edece\u011fiz&#8221; dedi.<\/p>\n<p>&#8220;Kad\u0131nlar\u0131m\u0131z\u0131n ve ailelerimizin huzuru \u00f6nceli\u011fimizdir&#8221;<br \/>\n<br \/>\u00d6zellikle kad\u0131nlar\u0131n sa\u011fl\u0131kl\u0131 ve g\u00fcvenli evlerde ya\u015famas\u0131n\u0131n \u00f6nemine vurgu yapan Vali Musa I\u015f\u0131n, bunun sadece bir yap\u0131 meselesi de\u011fil, ayn\u0131 zamanda bir sosyal sorumluluk gere\u011fi oldu\u011funu belirtti. Kura \u00e7ekili\u015fi sonucunda ev sahibi olan vatanda\u015flar\u0131 tebrik eden Vali I\u015f\u0131n, &#8220;Yeni evlerinizin sizlere mutluluk, huzur ve sa\u011fl\u0131k getirmesini temenni ediyorum&#8221; diyerek s\u00f6zlerini tamamlad\u0131.<br \/>\n<br \/>Vatanda\u015flar\u0131n yo\u011fun ilgi g\u00f6sterdi\u011fi t\u00f6ren, K\u00fctahya Merkez 1. Etap Vefa Mahallesi Kentsel D\u00f6n\u00fc\u015f\u00fcm Projesi kapsam\u0131nda yap\u0131m\u0131 tamamlanan konutlar\u0131n kura \u00e7ekili\u015finin yap\u0131lmas\u0131n\u0131n ard\u0131ndan sona erdi. Kura t\u00f6renine AK Parti K\u00fctahya Milletvekilleri Adil Bi\u00e7er, \u0130smail \u00c7a\u011flar Bay\u0131rc\u0131 ve Mehmet Demir de i\u015ftirak etti.<br \/><\/p>\n","protected":false},"excerpt":{"rendered":"<p>\u00c7evre, \u015eehircilik ve \u0130klim De\u011fi\u015fikli\u011fi Bakanl\u0131\u011f\u0131 Kentsel D\u00f6n\u00fc\u015f\u00fcm Ba\u015fkanl\u0131\u011f\u0131 taraf\u0131ndan y\u00fcr\u00fct\u00fclen K\u00fctahya Merkez 1. Etap Vefa Mahallesi Kentsel D\u00f6n\u00fc\u015f\u00fcm Projesi \u00e7er\u00e7evesinde yap\u0131m\u0131 tamamlanan konutlar\u0131n kura \u00e7ekili\u015fi, Vali Musa I\u015f\u0131n ve il protokol\u00fcn\u00fcn kat\u0131l\u0131m\u0131yla ger\u00e7ekle\u015ftirildi. T\u00f6rende yap\u0131lan kura \u00e7ekimiyle 309 adet 2+1, 51 adet 3+1 konut ve 7 adet i\u015f yeri i\u00e7in hak sahipleri belirlendi. Kura&#8230;<\/p>\n","protected":false},"author":1,"featured_media":21543,"comment_status":"open","ping_status":"open","sticky":false,"template":"","format":"standard","meta":{"_crdt_document":"","footnotes":""},"categories":[1],"tags":[],"class_list":["post-21542","post","type-post","status-publish","format-standard","has-post-thumbnail","hentry","category-guncel"],"_links":{"self":[{"href":"https:\/\/www.egemtv.com\/index.php?rest_route=\/wp\/v2\/posts\/21542","targetHints":{"allow":["GET"]}}],"collection":[{"href":"https:\/\/www.egemtv.com\/index.php?rest_route=\/wp\/v2\/posts"}],"about":[{"href":"https:\/\/www.egemtv.com\/index.php?rest_route=\/wp\/v2\/types\/post"}],"author":[{"embeddable":true,"href":"https:\/\/www.egemtv.com\/index.php?rest_route=\/wp\/v2\/users\/1"}],"replies":[{"embeddable":true,"href":"https:\/\/www.egemtv.com\/index.php?rest_route=%2Fwp%2Fv2%2Fcomments&post=21542"}],"version-history":[{"count":1,"href":"https:\/\/www.egemtv.com\/index.php?rest_route=\/wp\/v2\/posts\/21542\/revisions"}],"predecessor-version":[{"id":21544,"href":"https:\/\/www.egemtv.com\/index.php?rest_route=\/wp\/v2\/posts\/21542\/revisions\/21544"}],"wp:featuredmedia":[{"embeddable":true,"href":"https:\/\/www.egemtv.com\/index.php?rest_route=\/wp\/v2\/media\/21543"}],"wp:attachment":[{"href":"https:\/\/www.egemtv.com\/index.php?rest_route=%2Fwp%2Fv2%2Fmedia&parent=21542"}],"wp:term":[{"taxonomy":"category","embeddable":true,"href":"https:\/\/www.egemtv.com\/index.php?rest_route=%2Fwp%2Fv2%2Fcategories&post=21542"},{"taxonomy":"post_tag","embeddable":true,"href":"https:\/\/www.egemtv.com\/index.php?rest_route=%2Fwp%2Fv2%2Ftags&post=21542"}],"curies":[{"name":"wp","href":"https:\/\/api.w.org\/{rel}","templated":true}]}}