{"id":21539,"date":"2025-02-21T20:14:56","date_gmt":"2025-02-21T17:14:56","guid":{"rendered":"https:\/\/www.egemtv.com\/?p=21539"},"modified":"2025-02-21T20:15:01","modified_gmt":"2025-02-21T17:15:01","slug":"baskan-tugay-izmirin-geleneginde-fuarcilik-var","status":"publish","type":"post","link":"https:\/\/www.egemtv.com\/?p=21539","title":{"rendered":"Ba\u015fkan Tugay: &#8220;\u0130zmir\u2019in gelene\u011finde fuarc\u0131l\u0131k var&#8221;"},"content":{"rendered":"<p>Fuarlar kenti \u0130zmir\u2019de optik sekt\u00f6r\u00fcndeki en son teknolojilerin sergilendi\u011fi Optic World \u0130zmir-2. Optik, G\u00f6zl\u00fck, Oftalmoloji ve Teknolojileri Fuar\u0131 kap\u0131lar\u0131n\u0131 a\u00e7t\u0131. A\u00e7\u0131l\u0131\u015fta konu\u015fan \u0130zmir B\u00fcy\u00fck\u015fehir Belediye Ba\u015fkan\u0131 Cemil Tugay, Optic World \u0130zmir\u2019in \u00f6n\u00fcm\u00fczdeki y\u0131llarda daha da geli\u015fece\u011fini belirterek, &#8220;\u0130zmir\u2019in gelene\u011finde fuarc\u0131l\u0131k var. Fuar \u0130zmir, pek \u00e7ok sekt\u00f6rde oldu\u011fu gibi bu alanda da \u00e7ekim merkezi olmaya aday&#8221; dedi.<br \/>\n<br \/>\u0130zmir B\u00fcy\u00fck\u015fehir Belediyesi ev sahipli\u011finde \u0130ZFA\u015e taraf\u0131ndan sekt\u00f6r\u00fcn deste\u011fiyle Fuar \u0130zmir\u2019de d\u00fczenlenen Optic World \u0130zmir-2. Optik, G\u00f6zl\u00fck, Oftalmoloji ve Teknolojileri Fuar\u0131 kap\u0131lar\u0131n\u0131 a\u00e7t\u0131. Ge\u00e7en y\u0131l 5 bine yak\u0131n ziyaret\u00e7iyi a\u011f\u0131rlayarak b\u00fcy\u00fck ilgi g\u00f6ren fuar, 23 \u015eubat tarihine kadar sadece profesyonel ziyaret\u00e7ilere a\u00e7\u0131k olacak. C Hol\u00fc\u2019nde yap\u0131lan a\u00e7\u0131l\u0131\u015f t\u00f6renine \u0130zmir B\u00fcy\u00fck\u015fehir Belediye Ba\u015fkan\u0131 Dr. Cemil Tugay, \u0130zmir Ticaret Odas\u0131 Meclis Ba\u015fkan\u0131 Selami \u00d6zpoyraz, \u0130zmir B\u00fcy\u00fck\u015fehir Belediyesi Genel Sekreteri ve \u0130ZFA\u015e Y\u00f6netim Kurulu Ba\u015fkan\u0131 Ramazan Tezcan, \u0130ZFA\u015e Genel M\u00fcd\u00fcr\u00fc Tu\u011f\u00e7e Cumal\u0131o\u011flu, optik sekt\u00f6r\u00fc profesyonelleri, siyasi parti temsilcileri, meclis \u00fcyeleri, yerli ve yabanc\u0131 sat\u0131n almac\u0131lar kat\u0131ld\u0131.<\/p>\n<p>&#8220;Fuar \u0130zmir\u2019e \u00e7ok \u00f6nem veriyoruz&#8221;<br \/>\n<br \/>Optik sekt\u00f6r\u00fcn\u00fcn \u00e7ok de\u011ferli oldu\u011funu ifade eden \u0130zmir B\u00fcy\u00fck\u015fehir Belediye Ba\u015fkan\u0131 Cemil Tugay, &#8220;\u00d6n\u00fcm\u00fczdeki y\u0131llarda daha h\u0131zl\u0131 geli\u015fim g\u00f6sterece\u011fine inand\u0131\u011f\u0131m\u0131z bir fuar\u0131 ger\u00e7ekle\u015ftiriyoruz. \u0130zmir\u2019in gelene\u011finde fuarc\u0131l\u0131k var. Fuar \u0130zmir, pek \u00e7ok sekt\u00f6rde oldu\u011fu gibi bu sekt\u00f6rde de bir \u00e7ekim merkezi olmaya aday. Buca Metrosu\u2019nu buraya uzatma, dolay\u0131s\u0131yla \u015fehrin merkezinden fuar alan\u0131na konforlu, \u00e7a\u011fda\u015f bir toplu ta\u015f\u0131ma imk\u00e2n\u0131n\u0131 sa\u011flamak i\u00e7in gerekli ad\u0131mlar\u0131 att\u0131k. Kar\u015f\u0131da otopark olarak kullan\u0131lan alan\u0131 b\u00fcy\u00fck bir otel yapmay\u0131 planl\u0131yoruz. Projesini konu\u015ftuk arkada\u015flar\u0131m\u0131zla. Kongre merkezi, toplant\u0131 salonu konusunda da ad\u0131m ad\u0131m ilerliyoruz. Bu alan\u0131n karayolu ba\u011flant\u0131s\u0131 da geli\u015ftirilecek. Buras\u0131 eri\u015fimi daha kolay, hemen yak\u0131n\u0131nda konaklama ve toplant\u0131 alan\u0131 olan bir alana d\u00f6n\u00fc\u015fecek. Fuar \u0130zmir\u2019e \u00e7ok \u00f6nem veriyor ve geli\u015fmesi i\u00e7in \u00e7al\u0131\u015fmaya devam ediyoruz&#8221; \u015feklinde konu\u015ftu.<\/p>\n<p>&#8220;Ge\u00e7en y\u0131l 1,5 milyon ziyaret\u00e7iyi a\u011f\u0131rlad\u0131k&#8221;<br \/>\n<br \/>Fuarc\u0131l\u0131\u011f\u0131 geli\u015ftirmeye devam edeceklerini belirten Ba\u015fkan Tugay, &#8220;\u0130zmir, tarih boyunca ticaretin, k\u00fclt\u00fcr\u00fcn ve yeniliklerin bulu\u015ftu\u011fu bir \u015fehir oldu. Bug\u00fcn de fuarlar arac\u0131l\u0131\u011f\u0131yla d\u00fcnya ile ba\u011flant\u0131 kurmaya, i\u015f birliklerini g\u00fc\u00e7lendirmeye ve ekonomimizi b\u00fcy\u00fctmeye devam ediyoruz. \u0130zmir B\u00fcy\u00fck\u015fehir Belediyesi olarak \u0130ZFA\u015e \u00f6nc\u00fcl\u00fc\u011f\u00fcnde d\u00fczenledi\u011fimiz ulusal ve uluslararas\u0131 fuarlarla kentimizin ticaret hacmini art\u0131rmay\u0131, yerli \u00fcreticilerimizi desteklemeyi ve k\u00fcresel pazarlardaki rekabet g\u00fcc\u00fcm\u00fcz\u00fc y\u00fckseltmeyi ama\u00e7l\u0131yoruz. \u00d6nceli\u011fimiz kentimizin ve \u00fclkemizin ekonomik kalk\u0131nmas\u0131na katk\u0131da bulunmak. Ge\u00e7en y\u0131l d\u00fczenledi\u011fimiz fuarlarda 1,5 milyon ziyaret\u00e7iyi a\u011f\u0131rlad\u0131k. \u0130hracat istatistiklerine bakt\u0131\u011f\u0131m\u0131zda 2024 y\u0131l\u0131nda fuarlar\u0131n da katk\u0131s\u0131yla Ege B\u00f6lgesi\u2019ndeki illerin toplam ihracat\u0131n\u0131n yakla\u015f\u0131k 41 milyar dolar olarak ger\u00e7ekle\u015fti\u011fini g\u00f6r\u00fcyoruz. \u0130zmir, \u00fclkemizin toplam ihracat\u0131n\u0131n y\u00fczde 9\u2019unu tek ba\u015f\u0131na ger\u00e7ekle\u015ftirerek ekonomimize yakla\u015f\u0131k 24 milyar dolarl\u0131k katk\u0131 sa\u011flad\u0131. Bu y\u0131l da \u00e7ok say\u0131da fuara ev sahipli\u011fi yaparak t\u00fcm sekt\u00f6rlerde ekonomik hareketlili\u011fi art\u0131rmak i\u00e7in elimizden geleni yapaca\u011f\u0131z. 2025\u2019te Fuar \u0130zmir ve K\u00fclt\u00fcrpark\u2019ta 30\u2019un \u00fczerinde fuar ve etkinlik d\u00fczenlenecek&#8221; dedi.<\/p>\n<p>T\u00fcrkiye optik sekt\u00f6r\u00fcn\u00fcn uluslararas\u0131 pazarlarda rekabet g\u00fcc\u00fc art\u0131yor<br \/>\n<br \/>Fuarda sekt\u00f6rdeki en yeni \u00fcr\u00fcnler, aksesuarlar ve ekipmanlar ile g\u00f6rme kalitesini art\u0131rmak ve estetik ihtiya\u00e7lara yan\u0131t verebilmek i\u00e7in geli\u015ftirilen yeni teknolojiler sergileniyor. 6 bin metrekare alanda a\u00e7\u0131lan fuar, \u0130zmir\u2019in yan\u0131 s\u0131ra \u0130stanbul, Antalya, Bal\u0131kesir, Manisa ve Yozgat\u2019tan toplam 56 yerli kat\u0131l\u0131mc\u0131y\u0131 a\u011f\u0131rl\u0131yor. Ayr\u0131ca Almanya, Azerbaycan, Bosna Hersek, Cezayir, Birle\u015fik Arap Emirlikleri, Fas, Irak, \u0130ran, Kosova ve M\u0131s\u0131r gibi \u00fclkelerden 100\u2019\u00fcn \u00fczerinde yabanc\u0131 sat\u0131n alma yetkilisinin de fuar\u0131 ziyaret etmesi bekleniyor.<br \/>\n<br \/>Optic World \u0130zmir, optik sekt\u00f6r\u00fcndeki son teknolojik geli\u015fmeleri takip etmek, yeni i\u015f birlikleri kurmak ve uluslararas\u0131 rekabette g\u00fc\u00e7 kazanmak isteyen sekt\u00f6r profesyonelleri i\u00e7in \u00f6nemli bir platform olu\u015fturuyor. Optic World \u0130zmir, \u00fcreticilerden distrib\u00fct\u00f6rlere, perakende ma\u011faza zincirlerinden sekt\u00f6r \u00e7al\u0131\u015fanlar\u0131na kadar geni\u015f bir ziyaret\u00e7i kitlesini bir araya getirerek, yeni i\u015f ortakl\u0131klar\u0131na zemin haz\u0131rl\u0131yor. Ayn\u0131 zamanda T\u00fcrkiye optik sekt\u00f6r\u00fcn\u00fcn uluslararas\u0131 pazarlarda rekabet g\u00fcc\u00fcn\u00fc art\u0131rmay\u0131 ve yeni \u00fcr\u00fcnlere eri\u015fimi kolayla\u015ft\u0131rmay\u0131 ama\u00e7l\u0131yor.<br \/><\/p>\n","protected":false},"excerpt":{"rendered":"<p>Fuarlar kenti \u0130zmir\u2019de optik sekt\u00f6r\u00fcndeki en son teknolojilerin sergilendi\u011fi Optic World \u0130zmir-2. Optik, G\u00f6zl\u00fck, Oftalmoloji ve Teknolojileri Fuar\u0131 kap\u0131lar\u0131n\u0131 a\u00e7t\u0131. A\u00e7\u0131l\u0131\u015fta konu\u015fan \u0130zmir B\u00fcy\u00fck\u015fehir Belediye Ba\u015fkan\u0131 Cemil Tugay, Optic World \u0130zmir\u2019in \u00f6n\u00fcm\u00fczdeki y\u0131llarda daha da geli\u015fece\u011fini belirterek, &#8220;\u0130zmir\u2019in gelene\u011finde fuarc\u0131l\u0131k var. Fuar \u0130zmir, pek \u00e7ok sekt\u00f6rde oldu\u011fu gibi bu alanda da \u00e7ekim merkezi olmaya aday&#8221;&#8230;<\/p>\n","protected":false},"author":1,"featured_media":21540,"comment_status":"open","ping_status":"open","sticky":false,"template":"","format":"standard","meta":{"_crdt_document":"","footnotes":""},"categories":[125],"tags":[],"class_list":["post-21539","post","type-post","status-publish","format-standard","has-post-thumbnail","hentry","category-ekonomi"],"_links":{"self":[{"href":"https:\/\/www.egemtv.com\/index.php?rest_route=\/wp\/v2\/posts\/21539","targetHints":{"allow":["GET"]}}],"collection":[{"href":"https:\/\/www.egemtv.com\/index.php?rest_route=\/wp\/v2\/posts"}],"about":[{"href":"https:\/\/www.egemtv.com\/index.php?rest_route=\/wp\/v2\/types\/post"}],"author":[{"embeddable":true,"href":"https:\/\/www.egemtv.com\/index.php?rest_route=\/wp\/v2\/users\/1"}],"replies":[{"embeddable":true,"href":"https:\/\/www.egemtv.com\/index.php?rest_route=%2Fwp%2Fv2%2Fcomments&post=21539"}],"version-history":[{"count":1,"href":"https:\/\/www.egemtv.com\/index.php?rest_route=\/wp\/v2\/posts\/21539\/revisions"}],"predecessor-version":[{"id":21541,"href":"https:\/\/www.egemtv.com\/index.php?rest_route=\/wp\/v2\/posts\/21539\/revisions\/21541"}],"wp:featuredmedia":[{"embeddable":true,"href":"https:\/\/www.egemtv.com\/index.php?rest_route=\/wp\/v2\/media\/21540"}],"wp:attachment":[{"href":"https:\/\/www.egemtv.com\/index.php?rest_route=%2Fwp%2Fv2%2Fmedia&parent=21539"}],"wp:term":[{"taxonomy":"category","embeddable":true,"href":"https:\/\/www.egemtv.com\/index.php?rest_route=%2Fwp%2Fv2%2Fcategories&post=21539"},{"taxonomy":"post_tag","embeddable":true,"href":"https:\/\/www.egemtv.com\/index.php?rest_route=%2Fwp%2Fv2%2Ftags&post=21539"}],"curies":[{"name":"wp","href":"https:\/\/api.w.org\/{rel}","templated":true}]}}