{"id":21536,"date":"2025-02-21T19:41:38","date_gmt":"2025-02-21T16:41:38","guid":{"rendered":"https:\/\/www.egemtv.com\/?p=21536"},"modified":"2025-02-21T19:41:43","modified_gmt":"2025-02-21T16:41:43","slug":"ak-partiden-kutahya-belediyesine-kentsel-donusum-tepkisi","status":"publish","type":"post","link":"https:\/\/www.egemtv.com\/?p=21536","title":{"rendered":"AK Parti\u2019den K\u00fctahya Belediyesi\u2019ne kentsel d\u00f6n\u00fc\u015f\u00fcm tepkisi"},"content":{"rendered":"<p>AK Parti K\u00fctahya milletvekilleri ve \u0130l Ba\u015fkan\u0131 Ceyda \u00c7etin Erenler, K\u00fctahya\u2019daki kentsel d\u00f6n\u00fc\u015f\u00fcm projelerinin \u00c7evre, \u015eehircilik ve \u0130klim De\u011fi\u015fikli\u011fi Bakanl\u0131\u011f\u0131 taraf\u0131ndan y\u00fcr\u00fct\u00fcld\u00fc\u011f\u00fcn\u00fc belirterek, K\u00fctahya Belediye Ba\u015fkan\u0131 Ey\u00fcp Kahveci\u2019nin kentsel d\u00f6n\u00fc\u015f\u00fcm alanlar\u0131na y\u00f6nelik s\u00f6zlerine tepki g\u00f6sterdi.<br \/>\n<br \/>AK Parti K\u00fctahya Milletvekili \u0130smail \u00c7a\u011flar Bay\u0131rc\u0131, K\u00fctahya\u2019daki kentsel d\u00f6n\u00fc\u015f\u00fcm projelerinin \u00c7evre, \u015eehircilik ve \u0130klim De\u011fi\u015fikli\u011fi Bakanl\u0131\u011f\u0131 ve Kentsel D\u00f6n\u00fc\u015f\u00fcm Ba\u015fkanl\u0131\u011f\u0131 taraf\u0131ndan y\u00fcr\u00fct\u00fcld\u00fc\u011f\u00fcn\u00fc belirterek, &#8220;K\u00fctahya Belediyesi\u2019nin bu projelerde herhangi bir dahli bulunmamaktad\u0131r&#8221; dedi.<br \/>\n<br \/>Belediye Ba\u015fkan\u0131 Ey\u00fcp Kahveci\u2019nin kentsel d\u00f6n\u00fc\u015f\u00fcm alanlar\u0131na ili\u015fkin ifadelerine tepki g\u00f6steren Bay\u0131rc\u0131, &#8220;Belediye ba\u015fkan\u0131m\u0131z, sanki bu projeleri belediye y\u00fcr\u00fct\u00fcyormu\u015f gibi bir alg\u0131 olu\u015fturmaya \u00e7al\u0131\u015f\u0131yor. Kimse kusura bakmas\u0131n, yap\u0131lan i\u015f devletimizin ve milletimizin eseridir. Biz, yap\u0131lan i\u015fleri bir ba\u015fkas\u0131n\u0131n sahiplenmesine m\u00fcsaade etmeyece\u011fiz&#8221; diye konu\u015ftu.<br \/>\n<br \/>Bay\u0131rc\u0131 ayr\u0131ca, Osman Gazi Mahallesi\u2019nde devam eden uzla\u015f\u0131 \u00e7al\u0131\u015fmalar\u0131na da de\u011finerek, &#8220;Yanl\u0131\u015f bilmiyorsam y\u00fczde 50\u2019nin \u00fczerinde bir uzla\u015f\u0131 sa\u011flanm\u0131\u015f durumda&#8221; ifadelerini kulland\u0131.<\/p>\n<p>Milletvekili Adil Bi\u00e7er: &#8220;Belediyenin dahli yok&#8221;<br \/>\n<br \/>AK Parti K\u00fctahya Milletvekili Adil Bi\u00e7er de Belediye Ba\u015fkan\u0131 Kahveci\u2019nin kentsel d\u00f6n\u00fc\u015f\u00fcm alan\u0131na ili\u015fkin a\u00e7\u0131klamalar\u0131n\u0131 &#8220;talihsiz&#8221; olarak nitelendirerek, &#8220;Burada K\u00fctahya Belediyesi\u2019nin herhangi bir dahli ge\u00e7mi\u015fte de, bug\u00fcn de yoktur. Tamamen Say\u0131n Cumhurba\u015fkan\u0131m\u0131z\u0131n tensipleriyle \u00c7evre, \u015eehircilik Bakanl\u0131\u011f\u0131m\u0131z\u0131n, Kentsel D\u00f6n\u00fc\u015f\u00fcm Ba\u015fkanl\u0131\u011f\u0131m\u0131z\u0131n ve TOK\u0130\u2019nin marifetiyle bu konutlar hem\u015fehrilerimizin hizmetine sunulmu\u015ftur&#8221; \u015feklinde konu\u015ftu.<\/p>\n<p>Milletvekili Mehmet Demir: &#8220;Durmak yok, yola devam&#8221;<br \/>\n<br \/>AK Parti K\u00fctahya Milletvekili Mehmet Demir ise kentsel d\u00f6n\u00fc\u015f\u00fcm \u00e7al\u0131\u015fmalar\u0131n\u0131n h\u0131z kesmeden devam etti\u011fini belirterek, &#8220;Biz kimin ne dedi\u011fine bakmaks\u0131z\u0131n \u2018durmak yok, yola devam\u2019 diyoruz. \u00c7al\u0131\u015fmaya devam edece\u011fiz&#8221; ifadelerini kulland\u0131.<\/p>\n<p>\u0130l Ba\u015fkan\u0131 Ceyda \u00c7etin Erenler: &#8220;Projeler TOK\u0130 ve bakanl\u0131k eliyle y\u00fcr\u00fct\u00fcl\u00fcyor&#8221;<br \/>\n<br \/>AK Parti K\u00fctahya \u0130l Ba\u015fkan\u0131 Ceyda \u00c7etin Erenler de kentsel d\u00f6n\u00fc\u015f\u00fcm projelerinin devlet eliyle y\u00fcr\u00fct\u00fcld\u00fc\u011f\u00fcn\u00fc vurgulayarak, &#8220;Buras\u0131 tamamen \u00c7evre, \u015eehircilik ve \u0130klim De\u011fi\u015fikli\u011fi Bakanl\u0131\u011f\u0131m\u0131z\u0131n b\u00fcnyesinde TOK\u0130 eliyle yap\u0131lan konutlard\u0131r&#8221; dedi.<br \/>\n<br \/>Belediye Ba\u015fkan\u0131 Kahveci\u2019nin kentsel d\u00f6n\u00fc\u015f\u00fcm projelerine y\u00f6nelik a\u00e7\u0131klamalar\u0131na tepki g\u00f6steren Erenler, &#8220;Hak sahibi olarak kendilerine ait daireleri g\u00f6rmeye gelmi\u015f olabilirler. Ancak bu projeleri kendileri y\u00fcr\u00fct\u00fcyormu\u015f gibi bir alg\u0131 olu\u015fturmalar\u0131n\u0131 do\u011fru bulmuyoruz&#8221; diye konu\u015ftu.<br \/>\n<br \/>Erenler ayr\u0131ca, AK Parti olarak K\u00fctahya\u2019da hem\u015fehrilerinin menfaatine olan her projeyi desteklemeye devam edeceklerini belirterek, &#8220;Belediye meclisinde de ifade etti\u011fimiz gibi vatanda\u015flar\u0131m\u0131z\u0131n yarar\u0131na olan her konuda destek vermeye ve alt\u0131na imza atmaya haz\u0131r\u0131z&#8221; dedi.<br \/><\/p>\n","protected":false},"excerpt":{"rendered":"<p>AK Parti K\u00fctahya milletvekilleri ve \u0130l Ba\u015fkan\u0131 Ceyda \u00c7etin Erenler, K\u00fctahya\u2019daki kentsel d\u00f6n\u00fc\u015f\u00fcm projelerinin \u00c7evre, \u015eehircilik ve \u0130klim De\u011fi\u015fikli\u011fi Bakanl\u0131\u011f\u0131 taraf\u0131ndan y\u00fcr\u00fct\u00fcld\u00fc\u011f\u00fcn\u00fc belirterek, K\u00fctahya Belediye Ba\u015fkan\u0131 Ey\u00fcp Kahveci\u2019nin kentsel d\u00f6n\u00fc\u015f\u00fcm alanlar\u0131na y\u00f6nelik s\u00f6zlerine tepki g\u00f6sterdi. AK Parti K\u00fctahya Milletvekili \u0130smail \u00c7a\u011flar Bay\u0131rc\u0131, K\u00fctahya\u2019daki kentsel d\u00f6n\u00fc\u015f\u00fcm projelerinin \u00c7evre, \u015eehircilik ve \u0130klim De\u011fi\u015fikli\u011fi Bakanl\u0131\u011f\u0131 ve Kentsel D\u00f6n\u00fc\u015f\u00fcm&#8230;<\/p>\n","protected":false},"author":1,"featured_media":21537,"comment_status":"open","ping_status":"open","sticky":false,"template":"","format":"standard","meta":{"_crdt_document":"","footnotes":""},"categories":[127],"tags":[],"class_list":["post-21536","post","type-post","status-publish","format-standard","has-post-thumbnail","hentry","category-siyaset"],"_links":{"self":[{"href":"https:\/\/www.egemtv.com\/index.php?rest_route=\/wp\/v2\/posts\/21536","targetHints":{"allow":["GET"]}}],"collection":[{"href":"https:\/\/www.egemtv.com\/index.php?rest_route=\/wp\/v2\/posts"}],"about":[{"href":"https:\/\/www.egemtv.com\/index.php?rest_route=\/wp\/v2\/types\/post"}],"author":[{"embeddable":true,"href":"https:\/\/www.egemtv.com\/index.php?rest_route=\/wp\/v2\/users\/1"}],"replies":[{"embeddable":true,"href":"https:\/\/www.egemtv.com\/index.php?rest_route=%2Fwp%2Fv2%2Fcomments&post=21536"}],"version-history":[{"count":1,"href":"https:\/\/www.egemtv.com\/index.php?rest_route=\/wp\/v2\/posts\/21536\/revisions"}],"predecessor-version":[{"id":21538,"href":"https:\/\/www.egemtv.com\/index.php?rest_route=\/wp\/v2\/posts\/21536\/revisions\/21538"}],"wp:featuredmedia":[{"embeddable":true,"href":"https:\/\/www.egemtv.com\/index.php?rest_route=\/wp\/v2\/media\/21537"}],"wp:attachment":[{"href":"https:\/\/www.egemtv.com\/index.php?rest_route=%2Fwp%2Fv2%2Fmedia&parent=21536"}],"wp:term":[{"taxonomy":"category","embeddable":true,"href":"https:\/\/www.egemtv.com\/index.php?rest_route=%2Fwp%2Fv2%2Fcategories&post=21536"},{"taxonomy":"post_tag","embeddable":true,"href":"https:\/\/www.egemtv.com\/index.php?rest_route=%2Fwp%2Fv2%2Ftags&post=21536"}],"curies":[{"name":"wp","href":"https:\/\/api.w.org\/{rel}","templated":true}]}}