{"id":21533,"date":"2025-02-21T19:03:07","date_gmt":"2025-02-21T16:03:07","guid":{"rendered":"https:\/\/www.egemtv.com\/?p=21533"},"modified":"2025-02-21T19:03:12","modified_gmt":"2025-02-21T16:03:12","slug":"bir-ay-once-basladigi-sporda-turkiye-sampiyonu-oldu","status":"publish","type":"post","link":"https:\/\/www.egemtv.com\/?p=21533","title":{"rendered":"Bir ay \u00f6nce ba\u015flad\u0131\u011f\u0131 sporda T\u00fcrkiye \u015fampiyonu oldu"},"content":{"rendered":"<p>Erzurum Paland\u00f6ken\u2019de ger\u00e7ekle\u015ftirilen Snow Bike&amp;Snowdowhill T\u00fcrkiye \u015eampiyonas\u0131nda bisiklet sporuna sadece bir ay \u00f6nce ba\u015flayan Akhisarl\u0131 bisiklet\u00e7i Nazife Tuncel, kat\u0131ld\u0131\u011f\u0131 ilk yar\u0131\u015fta T\u00fcrkiye \u015eampiyonu olarak b\u00fcy\u00fck bir ba\u015far\u0131ya imza att\u0131.<br \/>\n<br \/>Erzurum Paland\u00f6ken\u2019de 19-21 \u015eubat tarihleri aras\u0131nda ger\u00e7ekle\u015ftirilen Snow Bike&amp;Snowdowhill T\u00fcrkiye \u015eampiyonas\u0131na kat\u0131lan Akhisar Zirve NS Spor Kul\u00fcb\u00fc sporcusu Nazife Tuncel U19 kategorisinde Snowbike T\u00fcrkiye \u015eampiyonu oldu. Tuncel ayn\u0131 zamanda genel klasmanda da T\u00fcrkiye birincisi olarak b\u00fcy\u00fck bir ba\u015far\u0131ya imza att\u0131. Tuncel\u2019in daha \u00f6nce atletizm sporuyla ilgilendi\u011fi \u00f6\u011frenildi.<br \/>\n<br \/>Kul\u00fcp Ba\u015fkan\u0131 Nihat Sar\u0131da\u011f elde edilen \u015fampiyonlu\u011fun \u00e7ok k\u0131ymetli oldu\u011funu belirterek, &#8220;Akhisar olarak bisiklet sporunda ba\u015far\u0131l\u0131 sonu\u00e7lar alan bir il\u00e7eyiz. Nazife Tuncel de daha \u00f6nce atletizm sporuyla ilgilenirken bir ay \u00f6nce bisiklet sporuyla tan\u0131\u015ft\u0131 ve bir ay gibi k\u0131sa bir s\u00fcrede haz\u0131rlanarak kat\u0131ld\u0131\u011f\u0131 ilk yar\u0131\u015fta U19 T\u00fcrkiye \u015eampiyonu oldu. Yetenekli k\u0131z\u0131m\u0131z\u0131 tebrik eder bundan sonraki yar\u0131\u015flarda da ba\u015far\u0131lar dileriz.&#8221; dedi.<br \/><\/p>\n","protected":false},"excerpt":{"rendered":"<p>Erzurum Paland\u00f6ken\u2019de ger\u00e7ekle\u015ftirilen Snow Bike&amp;Snowdowhill T\u00fcrkiye \u015eampiyonas\u0131nda bisiklet sporuna sadece bir ay \u00f6nce ba\u015flayan Akhisarl\u0131 bisiklet\u00e7i Nazife Tuncel, kat\u0131ld\u0131\u011f\u0131 ilk yar\u0131\u015fta T\u00fcrkiye \u015eampiyonu olarak b\u00fcy\u00fck bir ba\u015far\u0131ya imza att\u0131. Erzurum Paland\u00f6ken\u2019de 19-21 \u015eubat tarihleri aras\u0131nda ger\u00e7ekle\u015ftirilen Snow Bike&amp;Snowdowhill T\u00fcrkiye \u015eampiyonas\u0131na kat\u0131lan Akhisar Zirve NS Spor Kul\u00fcb\u00fc sporcusu Nazife Tuncel U19 kategorisinde Snowbike T\u00fcrkiye \u015eampiyonu oldu&#8230;.<\/p>\n","protected":false},"author":1,"featured_media":21534,"comment_status":"open","ping_status":"open","sticky":false,"template":"","format":"standard","meta":{"_crdt_document":"","footnotes":""},"categories":[4],"tags":[],"class_list":["post-21533","post","type-post","status-publish","format-standard","has-post-thumbnail","hentry","category-spor"],"_links":{"self":[{"href":"https:\/\/www.egemtv.com\/index.php?rest_route=\/wp\/v2\/posts\/21533","targetHints":{"allow":["GET"]}}],"collection":[{"href":"https:\/\/www.egemtv.com\/index.php?rest_route=\/wp\/v2\/posts"}],"about":[{"href":"https:\/\/www.egemtv.com\/index.php?rest_route=\/wp\/v2\/types\/post"}],"author":[{"embeddable":true,"href":"https:\/\/www.egemtv.com\/index.php?rest_route=\/wp\/v2\/users\/1"}],"replies":[{"embeddable":true,"href":"https:\/\/www.egemtv.com\/index.php?rest_route=%2Fwp%2Fv2%2Fcomments&post=21533"}],"version-history":[{"count":1,"href":"https:\/\/www.egemtv.com\/index.php?rest_route=\/wp\/v2\/posts\/21533\/revisions"}],"predecessor-version":[{"id":21535,"href":"https:\/\/www.egemtv.com\/index.php?rest_route=\/wp\/v2\/posts\/21533\/revisions\/21535"}],"wp:featuredmedia":[{"embeddable":true,"href":"https:\/\/www.egemtv.com\/index.php?rest_route=\/wp\/v2\/media\/21534"}],"wp:attachment":[{"href":"https:\/\/www.egemtv.com\/index.php?rest_route=%2Fwp%2Fv2%2Fmedia&parent=21533"}],"wp:term":[{"taxonomy":"category","embeddable":true,"href":"https:\/\/www.egemtv.com\/index.php?rest_route=%2Fwp%2Fv2%2Fcategories&post=21533"},{"taxonomy":"post_tag","embeddable":true,"href":"https:\/\/www.egemtv.com\/index.php?rest_route=%2Fwp%2Fv2%2Ftags&post=21533"}],"curies":[{"name":"wp","href":"https:\/\/api.w.org\/{rel}","templated":true}]}}