{"id":21519,"date":"2025-02-21T18:17:15","date_gmt":"2025-02-21T15:17:15","guid":{"rendered":"https:\/\/www.egemtv.com\/?p=21519"},"modified":"2025-02-21T18:17:25","modified_gmt":"2025-02-21T15:17:25","slug":"kadinlar-sporla-hem-saglikli-hem-mutlu","status":"publish","type":"post","link":"https:\/\/www.egemtv.com\/?p=21519","title":{"rendered":"Kad\u0131nlar sporla hem sa\u011fl\u0131kl\u0131 hem mutlu"},"content":{"rendered":"<p>Manisa Gen\u00e7lik ve Spor \u0130l M\u00fcd\u00fcrl\u00fc\u011f\u00fc taraf\u0131ndan d\u00fczenlenen kad\u0131nlara y\u00f6nelik sportif etkinlikler, her ya\u015ftan kat\u0131l\u0131mc\u0131n\u0131n yo\u011fun ilgisiyle devam ediyor. \u00dccretsiz olmas\u0131 ve hareketsiz ya\u015famdan s\u0131k\u0131lan kad\u0131nlar hem spor yap\u0131yor hem de yeni arkada\u015fl\u0131klar kurarak sosyalle\u015fme imkan\u0131 buluyor.<br \/>\n<br \/>Yunusemre \u0130l\u00e7esi Atat\u00fcrk Olimpik Spor Kompleksi\u2019nde uzman antren\u00f6rler e\u015fli\u011finde ger\u00e7ekle\u015ftirilen sportif etkinlikler, kad\u0131nlar\u0131n spor yaparak sa\u011fl\u0131kl\u0131 ve aktif bir ya\u015fam s\u00fcrd\u00fcrebilmelerine katk\u0131 sa\u011fl\u0131yor.<br \/>\n<br \/>Kad\u0131nlar\u0131n hem fiziksel hem de mental sa\u011fl\u0131\u011f\u0131n\u0131 desteklemeyi ama\u00e7layan bu program kapsam\u0131nda pilates, aerobik, step, zumba gibi grup egzersizlerinin yan\u0131 s\u0131ra bireysel spor aktiviteleri de sunuluyor.<br \/>\n<br \/>Kad\u0131n kat\u0131l\u0131mc\u0131lar, spor yapman\u0131n yan\u0131 s\u0131ra yeni sosyal ba\u011flant\u0131lar kurarak keyifli vakit ge\u00e7irme f\u0131rsat\u0131 buluyor. Sportif etkinlik \u00e7al\u0131\u015fmalar\u0131na kat\u0131lan kad\u0131nlar, bu etkinliklerin kendilerine sa\u011fl\u0131kl\u0131 bir ya\u015fam tarz\u0131 kazand\u0131rd\u0131\u011f\u0131n\u0131 ve sosyal hayatlar\u0131n\u0131 olumlu y\u00f6nde \u015fekillendirdi\u011fini vurgulayarak, spor yapman\u0131n mutluluklar\u0131n\u0131 art\u0131rd\u0131\u011f\u0131n\u0131 ve burada kurduklar\u0131 samimi dostluklarla hayatlar\u0131n\u0131n daha da renklendi\u011fini ifade etti. Kurslar\u0131n \u00fccretsiz olmas\u0131n\u0131n kendileri i\u00e7in de b\u00fcy\u00fck bir avantaj oldu\u011funu kaydeden kad\u0131nlar, eme\u011fi ge\u00e7enlere te\u015fekk\u00fcr etti.<br \/>\n<br \/>Manisa Gen\u00e7lik ve Spor \u0130l M\u00fcd\u00fcr\u00fc Yunus \u00d6zt\u00fcrk, kad\u0131nlara y\u00f6nelik spor faaliyetlerinin artarak s\u00fcrece\u011fini belirterek, &#8220;Kad\u0131nlar\u0131n spor yapmas\u0131n\u0131 te\u015fvik etmek ve sa\u011fl\u0131kl\u0131 bir ya\u015fam s\u00fcrmelerine katk\u0131 sa\u011flamak bizim \u00f6nceliklerimiz aras\u0131nda yer al\u0131yor. Etkinlik  \u00e7al\u0131\u015fmalar\u0131m\u0131za g\u00f6sterilen yo\u011fun ilgiden b\u00fcy\u00fck memnuniyet duyuyoruz. T\u00fcm kad\u0131nlar\u0131m\u0131z\u0131 bu etkinliklere kat\u0131lmaya davet ediyoruz&#8221; dedi.<br \/><\/p>\n","protected":false},"excerpt":{"rendered":"<p>Manisa Gen\u00e7lik ve Spor \u0130l M\u00fcd\u00fcrl\u00fc\u011f\u00fc taraf\u0131ndan d\u00fczenlenen kad\u0131nlara y\u00f6nelik sportif etkinlikler, her ya\u015ftan kat\u0131l\u0131mc\u0131n\u0131n yo\u011fun ilgisiyle devam ediyor. \u00dccretsiz olmas\u0131 ve hareketsiz ya\u015famdan s\u0131k\u0131lan kad\u0131nlar hem spor yap\u0131yor hem de yeni arkada\u015fl\u0131klar kurarak sosyalle\u015fme imkan\u0131 buluyor. Yunusemre \u0130l\u00e7esi Atat\u00fcrk Olimpik Spor Kompleksi\u2019nde uzman antren\u00f6rler e\u015fli\u011finde ger\u00e7ekle\u015ftirilen sportif etkinlikler, kad\u0131nlar\u0131n spor yaparak sa\u011fl\u0131kl\u0131 ve aktif&#8230;<\/p>\n","protected":false},"author":1,"featured_media":21521,"comment_status":"open","ping_status":"open","sticky":false,"template":"","format":"standard","meta":{"_crdt_document":"","footnotes":""},"categories":[1],"tags":[],"class_list":["post-21519","post","type-post","status-publish","format-standard","has-post-thumbnail","hentry","category-guncel"],"_links":{"self":[{"href":"https:\/\/www.egemtv.com\/index.php?rest_route=\/wp\/v2\/posts\/21519","targetHints":{"allow":["GET"]}}],"collection":[{"href":"https:\/\/www.egemtv.com\/index.php?rest_route=\/wp\/v2\/posts"}],"about":[{"href":"https:\/\/www.egemtv.com\/index.php?rest_route=\/wp\/v2\/types\/post"}],"author":[{"embeddable":true,"href":"https:\/\/www.egemtv.com\/index.php?rest_route=\/wp\/v2\/users\/1"}],"replies":[{"embeddable":true,"href":"https:\/\/www.egemtv.com\/index.php?rest_route=%2Fwp%2Fv2%2Fcomments&post=21519"}],"version-history":[{"count":1,"href":"https:\/\/www.egemtv.com\/index.php?rest_route=\/wp\/v2\/posts\/21519\/revisions"}],"predecessor-version":[{"id":21529,"href":"https:\/\/www.egemtv.com\/index.php?rest_route=\/wp\/v2\/posts\/21519\/revisions\/21529"}],"wp:featuredmedia":[{"embeddable":true,"href":"https:\/\/www.egemtv.com\/index.php?rest_route=\/wp\/v2\/media\/21521"}],"wp:attachment":[{"href":"https:\/\/www.egemtv.com\/index.php?rest_route=%2Fwp%2Fv2%2Fmedia&parent=21519"}],"wp:term":[{"taxonomy":"category","embeddable":true,"href":"https:\/\/www.egemtv.com\/index.php?rest_route=%2Fwp%2Fv2%2Fcategories&post=21519"},{"taxonomy":"post_tag","embeddable":true,"href":"https:\/\/www.egemtv.com\/index.php?rest_route=%2Fwp%2Fv2%2Ftags&post=21519"}],"curies":[{"name":"wp","href":"https:\/\/api.w.org\/{rel}","templated":true}]}}