{"id":21516,"date":"2025-02-21T18:17:13","date_gmt":"2025-02-21T15:17:13","guid":{"rendered":"https:\/\/www.egemtv.com\/?p=21516"},"modified":"2025-02-21T18:17:22","modified_gmt":"2025-02-21T15:17:22","slug":"yenipazarlilar-sanatci-ferdi-tayfur-icin-52-gun-hayri-yapti-3","status":"publish","type":"post","link":"https:\/\/www.egemtv.com\/?p=21516","title":{"rendered":"Yenipazarl\u0131lar sanat\u00e7\u0131 Ferdi Tayfur i\u00e7in 52. g\u00fcn hayr\u0131 yapt\u0131"},"content":{"rendered":"<p>Ayd\u0131n\u2019\u0131n Yenipazar il\u00e7esinde \u00c7ar\u015f\u0131 Mahallesi Muhtarl\u0131\u011f\u0131 \u00f6nc\u00fcl\u00fc\u011f\u00fcnde bir araya gelen mahalleli \u00e7ok sevdikleri merhum Ferdi Tayfur i\u00e7in 52. g\u00fcn hayr\u0131 yapt\u0131, dua etti. \u0130mece usul\u00fc ger\u00e7ekle\u015ftirilen hay\u0131rda delikli b\u00f6rek de denilen geleneksel lezzetlerden yakla\u015f\u0131k 8 bin adet yaparak t\u00fcm il\u00e7e halk\u0131na ikram edildi.<\/p>\n<p>Co\u011frafi i\u015faretli pidesi ve Sakin \u015eehir(Cittaslow) unvan\u0131 ile Ayd\u0131n\u2019\u0131n en g\u00fczel il\u00e7eleri yer aras\u0131nda yer alan Yenipazar\u2019da 52 g\u00fcn \u00f6nce hayat\u0131n\u0131 kaybeden \u00fcnl\u00fc sanat\u00e7\u0131 \u2018baba\u2019 lakapl\u0131 Ferdi Tayfur i\u00e7in hay\u0131r etkinli\u011fi d\u00fczenlendi. \u00c7ar\u015f\u0131 Mahallesi Muhtar\u0131 S\u00fcleyman Kozbek \u00f6nc\u00fcl\u00fc\u011f\u00fcnde bir araya gelen mahalle sakinleri, aralar\u0131nda toplad\u0131klar\u0131 paralarla il\u00e7enin me\u015fhur lezzetleri aras\u0131nda yer alan yakla\u015f\u0131k 8 bin adet Delikli B\u00f6rek yaparak da\u011f\u0131tt\u0131. \u0130mece usul\u00fc ger\u00e7ekle\u015ftirilen hay\u0131r etkinli\u011fi sabah saat 10.00 gibi ba\u015flayarak ak\u015fam saatlerine kadar devam etti. A\u00e7\u0131lan hamurlar h\u00fcnerli ellerde b\u00f6rek \u015feklini ald\u0131ktan sonra pi\u015firilerek \u00e7ocuklar ba\u015fta olmak \u00fczere 7\u2019den 70\u2019e herkese ikram edildi. \u00dcnl\u00fc sanat\u00e7\u0131n\u0131n ruhuna okunan dualar\u0131n ard\u0131ndan eserleri de sevenleri taraf\u0131ndan s\u00f6ylendi.<\/p>\n<p>&#8220;Sanat\u00e7\u0131m\u0131z\u0131n 52. G\u00fcn hayr\u0131 i\u00e7in bir araya geldik&#8221;<br \/>\n<br \/>Etkinli\u011fi organize edenler aras\u0131nda yer alan \u00c7ar\u015f\u0131 Mahallesi Muhtar\u0131 S\u00fcleyman Kozbek, bir d\u00f6neme damga vuran \u00fcnl\u00fc sanat\u00e7\u0131 Ferdi Tayfur i\u00e7in bir araya geldiklerini ifade ederek: &#8220;\u00c7ocuklu\u011fumuz ba\u015fta olmak \u00fczere bir d\u00f6neme damga vuran \u00fcnl\u00fc sanat\u00e7\u0131m\u0131z\u0131n 52. G\u00fcn hayr\u0131 i\u00e7in bir araya geldik. Bu hay\u0131r etkinli\u011finde geleneksel lezzetimiz olan delikli b\u00f6rek(halkal\u0131 b\u00f6rek) yaparak yakla\u015f\u0131k 8 bin ki\u015fiye ikram ettik. Ruhu \u015fad olsun. Hem sanat\u00e7\u0131m\u0131z\u0131 yad etmek hem de halk\u0131m\u0131zla bir araya gelerek bir gelene\u011fi daha ya\u015fatmak istedik. Birlik beraberli\u011fin simgesi olan hayr\u0131m\u0131za kat\u0131lan ve katk\u0131 sa\u011flayan herkesten Allah raz\u0131 olsun&#8221; dedi.<\/p>\n<p>&#8220;B\u0131rakm\u0131\u015f oldu\u011fu miras ilelebet s\u00fcrecektir&#8221;<br \/>\n<br \/>Etkinli\u011fin mimarlar\u0131 aras\u0131nda yer alan Mustafa Kayal\u0131 ise konu\u015fmas\u0131nda sanat\u00e7\u0131y\u0131 sadece \u015fark\u0131lar\u0131 ile de\u011fil geride b\u0131rakt\u0131\u011f\u0131 k\u00fclt\u00fcr miras\u0131, duru\u015fu ve ki\u015fili\u011fi ile yad ettiklerini ifade ederek: &#8220;Vizyonu ile bir \u00e7a\u011fa damgas\u0131n\u0131 vuran, rekorlar\u0131 halen k\u0131r\u0131lamayan filmleri, konserleri ile rekorlara imza atan merhum Ferdi Tayfur\u2019u rahmet ve minnetle an\u0131yoruz. \u015eark\u0131lar\u0131 ile dinleyicisini bamba\u015fka d\u00fcnyalara g\u00f6t\u00fcr\u00fcyor. Herkesin g\u00f6nl\u00fcnde taht kuran bir sanat\u00e7\u0131m\u0131zd\u0131. Bir g\u00fcn gitti ama hat\u0131ras\u0131 yeter. Makam\u0131 ali, mekan\u0131 cennet olsun. B\u0131rakm\u0131\u015f oldu\u011fu miras ilelebet s\u00fcrecektir. Biz onun takip\u00e7isiyiz. Ruhu \u015fad olsun&#8221; dedi.<br \/><\/p>\n","protected":false},"excerpt":{"rendered":"<p>Ayd\u0131n\u2019\u0131n Yenipazar il\u00e7esinde \u00c7ar\u015f\u0131 Mahallesi Muhtarl\u0131\u011f\u0131 \u00f6nc\u00fcl\u00fc\u011f\u00fcnde bir araya gelen mahalleli \u00e7ok sevdikleri merhum Ferdi Tayfur i\u00e7in 52. g\u00fcn hayr\u0131 yapt\u0131, dua etti. \u0130mece usul\u00fc ger\u00e7ekle\u015ftirilen hay\u0131rda delikli b\u00f6rek de denilen geleneksel lezzetlerden yakla\u015f\u0131k 8 bin adet yaparak t\u00fcm il\u00e7e halk\u0131na ikram edildi. Co\u011frafi i\u015faretli pidesi ve Sakin \u015eehir(Cittaslow) unvan\u0131 ile Ayd\u0131n\u2019\u0131n en g\u00fczel il\u00e7eleri&#8230;<\/p>\n","protected":false},"author":1,"featured_media":21517,"comment_status":"open","ping_status":"open","sticky":false,"template":"","format":"standard","meta":{"_crdt_document":"","footnotes":""},"categories":[1],"tags":[],"class_list":["post-21516","post","type-post","status-publish","format-standard","has-post-thumbnail","hentry","category-guncel"],"_links":{"self":[{"href":"https:\/\/www.egemtv.com\/index.php?rest_route=\/wp\/v2\/posts\/21516","targetHints":{"allow":["GET"]}}],"collection":[{"href":"https:\/\/www.egemtv.com\/index.php?rest_route=\/wp\/v2\/posts"}],"about":[{"href":"https:\/\/www.egemtv.com\/index.php?rest_route=\/wp\/v2\/types\/post"}],"author":[{"embeddable":true,"href":"https:\/\/www.egemtv.com\/index.php?rest_route=\/wp\/v2\/users\/1"}],"replies":[{"embeddable":true,"href":"https:\/\/www.egemtv.com\/index.php?rest_route=%2Fwp%2Fv2%2Fcomments&post=21516"}],"version-history":[{"count":1,"href":"https:\/\/www.egemtv.com\/index.php?rest_route=\/wp\/v2\/posts\/21516\/revisions"}],"predecessor-version":[{"id":21526,"href":"https:\/\/www.egemtv.com\/index.php?rest_route=\/wp\/v2\/posts\/21516\/revisions\/21526"}],"wp:featuredmedia":[{"embeddable":true,"href":"https:\/\/www.egemtv.com\/index.php?rest_route=\/wp\/v2\/media\/21517"}],"wp:attachment":[{"href":"https:\/\/www.egemtv.com\/index.php?rest_route=%2Fwp%2Fv2%2Fmedia&parent=21516"}],"wp:term":[{"taxonomy":"category","embeddable":true,"href":"https:\/\/www.egemtv.com\/index.php?rest_route=%2Fwp%2Fv2%2Fcategories&post=21516"},{"taxonomy":"post_tag","embeddable":true,"href":"https:\/\/www.egemtv.com\/index.php?rest_route=%2Fwp%2Fv2%2Ftags&post=21516"}],"curies":[{"name":"wp","href":"https:\/\/api.w.org\/{rel}","templated":true}]}}