{"id":21507,"date":"2025-02-21T18:17:05","date_gmt":"2025-02-21T15:17:05","guid":{"rendered":"https:\/\/www.egemtv.com\/?p=21507"},"modified":"2025-02-21T18:17:13","modified_gmt":"2025-02-21T15:17:13","slug":"baskan-unlu-imarsiz-her-gun-felaketlere-kapi-araliyor-3","status":"publish","type":"post","link":"https:\/\/www.egemtv.com\/?p=21507","title":{"rendered":"Ba\u015fkan \u00dcnl\u00fc: &#8220;\u0130mars\u0131z her g\u00fcn felaketlere kap\u0131 aral\u0131yor&#8221;"},"content":{"rendered":"<p>K\u0131y\u0131 Ege\u2019de Deprem Ger\u00e7e\u011fi ve Afet Y\u00f6netimi \u00c7al\u0131\u015ftay\u0131\u2019nda konu\u015fan Marmaris Belediye Ba\u015fkan\u0131 Acar \u00dcnl\u00fc, \u00d6zel \u00c7evre Koruma (\u00d6\u00c7K) b\u00f6lgesi olan Marmaris ve \u00e7evresinde acil olarak imar planlar\u0131n\u0131n \u00e7\u0131kmas\u0131 gerekti\u011fini ifade ederek &#8220;\u0130mar\u0131n gelmedi\u011fi her g\u00fcn felaketlere zemin haz\u0131rl\u0131yor&#8221; dedi.<\/p>\n<p>Mu\u011fla B\u00fcy\u00fck\u015fehir Belediyesi taraf\u0131ndan b\u00f6lgenin deprem risklerini kapsaml\u0131 bir \u015fekilde de\u011ferlendirmek ve afet y\u00f6netimi konusunda kal\u0131c\u0131 \u00e7\u00f6z\u00fcmler geli\u015ftirmeyi ama\u00e7layan \u2018K\u0131y\u0131 Ege\u2019de Deprem Ger\u00e7e\u011fi ve Afet Y\u00f6netimi \u00c7al\u0131\u015ftay\u0131\u2019 Marmaris\u2019te ba\u015flad\u0131. K\u0131y\u0131 Ege Belediyeler Birli\u011fi ve Mu\u011fla B\u00fcy\u00fck\u015fehir Belediye Ba\u015fkan\u0131 Ahmet Aras\u2019\u0131n \u00f6nc\u00fcl\u00fc\u011f\u00fcnde Mu\u011fla S\u0131tk\u0131 Ko\u00e7man \u00dcniversitesi, \u0130n\u015faat M\u00fchendisleri Odas\u0131, Jeoloji M\u00fchendisleri Odas\u0131 ve Mu\u011fla Barosu i\u015fbirli\u011fiyle d\u00fczenlenen 3 g\u00fcnl\u00fck \u00e7al\u0131\u015ftaya yo\u011fun kat\u0131l\u0131m oldu.<\/p>\n<p>&#8220;Deprem g\u00fcndemden d\u00fc\u015fmemeli&#8221;<br \/>\n<br \/>\u00c7al\u0131\u015ftay\u0131n a\u00e7\u0131l\u0131\u015f\u0131nda konu\u015fan Marmaris Belediye Ba\u015fkan\u0131 Acar \u00dcnl\u00fc, konu\u015fmas\u0131nda her ac\u0131 tecr\u00fcbe sonras\u0131nda depremin g\u00fcndem oldu\u011funu ancak sonra unutuldu\u011funu ifade ederek &#8220;Can\u0131m\u0131z yand\u0131\u011f\u0131 zaman de\u011fil her zaman bu konular\u0131 hat\u0131r\u0131m\u0131zda tutmak ve buna g\u00f6re ad\u0131m atmak zorunday\u0131z. Bu noktada da ka\u00e7ak yap\u0131lan her yap\u0131n\u0131n asl\u0131nda kendimize yapt\u0131\u011f\u0131m\u0131z bir mezar oldu\u011funu bilmemiz gerekiyor. \u00d6nlenemez bir \u015fekilde artan ka\u00e7ak yap\u0131lar\u0131n sa\u011fl\u0131kl\u0131 olmad\u0131\u011f\u0131n\u0131, muhtemel depremlerde hepimizi felakete s\u00fcr\u00fckleyece\u011fini vatanda\u015flara hat\u0131rlatmam\u0131z, yap\u0131lmas\u0131 ve yap\u0131lmamas\u0131 gerekenleri anlatmam\u0131z gerekir. Ancak yapmamam\u0131z gereken \u015fey ise imar bar\u0131\u015f\u0131. \u00c7\u00fcnk\u00fc yapt\u0131\u011f\u0131m\u0131z imar bar\u0131\u015flar\u0131ndan sonra hatta s\u00f6ylentisiyle bile birlikte \u00fclkemizdeki ka\u00e7ak yap\u0131 art\u0131\u015f\u0131n\u0131n ne boyutlara geldi\u011fini hep birlikte ya\u015f\u0131yoruz&#8221; ifadesini kulland\u0131.<\/p>\n<p>&#8220;Marmaris\u2019e imar gelmesi \u015fart&#8221;<br \/>\n<br \/>Marmaris \u00f6zelindeki sorunlara da de\u011finen \u00dcnl\u00fc, &#8220;Marmaris bir \u00d6\u00c7K b\u00f6lgesi ve imar\u0131n gelmedi\u011fi her g\u00fcn asl\u0131nda bu felaketlere bir zemin haz\u0131rl\u0131yor. Bu nedenle ben bu konuda s\u00f6z sahibi olan b\u00fct\u00fcn yetkililerin bu noktaya dikkat etmesi gerekti\u011fini, \u00f6nemsemesi gerekti\u011finin bir kez daha alt\u0131n\u0131 \u00e7izmek istiyorum. \u0130mar yap\u0131lmayan her g\u00fcn burada akacak g\u00f6zya\u015f\u0131n\u0131n misliyle artmas\u0131 demektir. Bu y\u00fczden kontrollerin \u00e7ok sa\u011fl\u0131kl\u0131 yap\u0131lmas\u0131 gelece\u011fin \u015fehirlerini olu\u015fturacak olan yap\u0131 envanterinin \u00e7ok sa\u011fl\u0131kl\u0131 bir \u015fekilde ilerlemesini sa\u011flayacakt\u0131r&#8221; dedi. Ba\u015fkan \u00dcnl\u00fc, \u00e7al\u0131\u015ftayda eme\u011fi ge\u00e7en herkese te\u015fekk\u00fcr ederek s\u00f6zlerini tamamlad\u0131.<\/p>\n<p>\u00c7al\u0131\u015ftay\u0131n a\u00e7\u0131l\u0131\u015f\u0131na CHP Mu\u011fla Milletvekilleri, Mu\u011fla S\u0131tk\u0131 Ko\u00e7man \u00dcniversitesi Rekt\u00f6r\u00fc Prof. Dr. Turhan Ka\u00e7ar, Mu\u011fla Baro Ba\u015fkan\u0131 Av. Levent Akg\u00fcn, \u0130n\u015faat M\u00fchendisleri Odas\u0131 Genel Ba\u015fkan\u0131 Nusret Suna ve Jeoloji M\u00fchendisleri Odas\u0131 Genel Ba\u015fkan\u0131 H\u00fcseyin Alan, CHP Mu\u011fla \u0130l Ba\u015fkan\u0131 Zekican Balc\u0131, il\u00e7e belediye ba\u015fkanlar\u0131n\u0131n kat\u0131l\u0131m\u0131yla d\u00fczenlenen \u00e7al\u0131\u015ftaya konunun uzmanlar\u0131 ve saha \u00e7al\u0131\u015fanlar\u0131 kat\u0131ld\u0131.<br \/><\/p>\n","protected":false},"excerpt":{"rendered":"<p>K\u0131y\u0131 Ege\u2019de Deprem Ger\u00e7e\u011fi ve Afet Y\u00f6netimi \u00c7al\u0131\u015ftay\u0131\u2019nda konu\u015fan Marmaris Belediye Ba\u015fkan\u0131 Acar \u00dcnl\u00fc, \u00d6zel \u00c7evre Koruma (\u00d6\u00c7K) b\u00f6lgesi olan Marmaris ve \u00e7evresinde acil olarak imar planlar\u0131n\u0131n \u00e7\u0131kmas\u0131 gerekti\u011fini ifade ederek &#8220;\u0130mar\u0131n gelmedi\u011fi her g\u00fcn felaketlere zemin haz\u0131rl\u0131yor&#8221; dedi. Mu\u011fla B\u00fcy\u00fck\u015fehir Belediyesi taraf\u0131ndan b\u00f6lgenin deprem risklerini kapsaml\u0131 bir \u015fekilde de\u011ferlendirmek ve afet y\u00f6netimi konusunda kal\u0131c\u0131&#8230;<\/p>\n","protected":false},"author":1,"featured_media":21508,"comment_status":"open","ping_status":"open","sticky":false,"template":"","format":"standard","meta":{"_crdt_document":"","footnotes":""},"categories":[1],"tags":[],"class_list":["post-21507","post","type-post","status-publish","format-standard","has-post-thumbnail","hentry","category-guncel"],"_links":{"self":[{"href":"https:\/\/www.egemtv.com\/index.php?rest_route=\/wp\/v2\/posts\/21507","targetHints":{"allow":["GET"]}}],"collection":[{"href":"https:\/\/www.egemtv.com\/index.php?rest_route=\/wp\/v2\/posts"}],"about":[{"href":"https:\/\/www.egemtv.com\/index.php?rest_route=\/wp\/v2\/types\/post"}],"author":[{"embeddable":true,"href":"https:\/\/www.egemtv.com\/index.php?rest_route=\/wp\/v2\/users\/1"}],"replies":[{"embeddable":true,"href":"https:\/\/www.egemtv.com\/index.php?rest_route=%2Fwp%2Fv2%2Fcomments&post=21507"}],"version-history":[{"count":1,"href":"https:\/\/www.egemtv.com\/index.php?rest_route=\/wp\/v2\/posts\/21507\/revisions"}],"predecessor-version":[{"id":21515,"href":"https:\/\/www.egemtv.com\/index.php?rest_route=\/wp\/v2\/posts\/21507\/revisions\/21515"}],"wp:featuredmedia":[{"embeddable":true,"href":"https:\/\/www.egemtv.com\/index.php?rest_route=\/wp\/v2\/media\/21508"}],"wp:attachment":[{"href":"https:\/\/www.egemtv.com\/index.php?rest_route=%2Fwp%2Fv2%2Fmedia&parent=21507"}],"wp:term":[{"taxonomy":"category","embeddable":true,"href":"https:\/\/www.egemtv.com\/index.php?rest_route=%2Fwp%2Fv2%2Fcategories&post=21507"},{"taxonomy":"post_tag","embeddable":true,"href":"https:\/\/www.egemtv.com\/index.php?rest_route=%2Fwp%2Fv2%2Ftags&post=21507"}],"curies":[{"name":"wp","href":"https:\/\/api.w.org\/{rel}","templated":true}]}}