{"id":21498,"date":"2025-02-21T17:48:59","date_gmt":"2025-02-21T14:48:59","guid":{"rendered":"https:\/\/www.egemtv.com\/?p=21498"},"modified":"2025-02-21T17:49:03","modified_gmt":"2025-02-21T14:49:03","slug":"ispartada-kontrolden-cikan-otomobil-takla-atti-1-yarali-2","status":"publish","type":"post","link":"https:\/\/www.egemtv.com\/?p=21498","title":{"rendered":"Isparta\u2019da kontrolden \u00e7\u0131kan otomobil takla att\u0131: 1 yaral\u0131"},"content":{"rendered":"<p>Isparta\u2019da s\u00fcr\u00fcc\u00fcs\u00fcn\u00fcn kontrol\u00fcnden \u00e7\u0131kan otomobilin takla atarak \u015farampole yuvarlanmas\u0131 sonucu meydana gelen kazada s\u00fcr\u00fcc\u00fc yaraland\u0131.<br \/>\n<br \/>Kaza, 13.45 s\u0131ralar\u0131nda \u015earkikaraa\u011fa\u00e7 il\u00e7esi Isparta &#8211; Konya Karayolu Dede\u00e7am Kav\u015fa\u011f\u0131nda meydana geldi. Edinilen bilgiye g\u00f6re, Ahmet A. \u00dc. idaresindeki 32 LV 558 plakal\u0131 Fiat marka otomobil, s\u00fcr\u00fcc\u00fcs\u00fcn\u00fcn direksiyon hakimiyetini kaybetmesi sonucu takla atarak \u015farampole yuvarland\u0131. Kazay\u0131 g\u00f6ren vatanda\u015flar\u0131n 112 Acil \u00c7a\u011fr\u0131 Merkezi\u2019ne ihbar\u0131 \u00fczerine b\u00f6lgeye polis ve sa\u011fl\u0131k ekipleri sevk edildi. Olay yerine gelen sa\u011fl\u0131k ekiplerinin ilk m\u00fcdahalesinin ard\u0131ndan yaral\u0131 s\u00fcr\u00fcc\u00fc Ahmet A. \u00dc. ambulansla \u015earkikara\u011fa\u00e7 Devlet Hastanesi\u2019ne kald\u0131r\u0131ld\u0131. Kaza ile ilgili inceleme ba\u015flat\u0131ld\u0131.<br \/><\/p>\n","protected":false},"excerpt":{"rendered":"<p>Isparta\u2019da s\u00fcr\u00fcc\u00fcs\u00fcn\u00fcn kontrol\u00fcnden \u00e7\u0131kan otomobilin takla atarak \u015farampole yuvarlanmas\u0131 sonucu meydana gelen kazada s\u00fcr\u00fcc\u00fc yaraland\u0131. Kaza, 13.45 s\u0131ralar\u0131nda \u015earkikaraa\u011fa\u00e7 il\u00e7esi Isparta &#8211; Konya Karayolu Dede\u00e7am Kav\u015fa\u011f\u0131nda meydana geldi. Edinilen bilgiye g\u00f6re, Ahmet A. \u00dc. idaresindeki 32 LV 558 plakal\u0131 Fiat marka otomobil, s\u00fcr\u00fcc\u00fcs\u00fcn\u00fcn direksiyon hakimiyetini kaybetmesi sonucu takla atarak \u015farampole yuvarland\u0131. Kazay\u0131 g\u00f6ren vatanda\u015flar\u0131n 112&#8230;<\/p>\n","protected":false},"author":1,"featured_media":21500,"comment_status":"open","ping_status":"open","sticky":false,"template":"","format":"standard","meta":{"_crdt_document":"","footnotes":""},"categories":[5],"tags":[],"class_list":["post-21498","post","type-post","status-publish","format-standard","has-post-thumbnail","hentry","category-asayis"],"_links":{"self":[{"href":"https:\/\/www.egemtv.com\/index.php?rest_route=\/wp\/v2\/posts\/21498","targetHints":{"allow":["GET"]}}],"collection":[{"href":"https:\/\/www.egemtv.com\/index.php?rest_route=\/wp\/v2\/posts"}],"about":[{"href":"https:\/\/www.egemtv.com\/index.php?rest_route=\/wp\/v2\/types\/post"}],"author":[{"embeddable":true,"href":"https:\/\/www.egemtv.com\/index.php?rest_route=\/wp\/v2\/users\/1"}],"replies":[{"embeddable":true,"href":"https:\/\/www.egemtv.com\/index.php?rest_route=%2Fwp%2Fv2%2Fcomments&post=21498"}],"version-history":[{"count":1,"href":"https:\/\/www.egemtv.com\/index.php?rest_route=\/wp\/v2\/posts\/21498\/revisions"}],"predecessor-version":[{"id":21502,"href":"https:\/\/www.egemtv.com\/index.php?rest_route=\/wp\/v2\/posts\/21498\/revisions\/21502"}],"wp:featuredmedia":[{"embeddable":true,"href":"https:\/\/www.egemtv.com\/index.php?rest_route=\/wp\/v2\/media\/21500"}],"wp:attachment":[{"href":"https:\/\/www.egemtv.com\/index.php?rest_route=%2Fwp%2Fv2%2Fmedia&parent=21498"}],"wp:term":[{"taxonomy":"category","embeddable":true,"href":"https:\/\/www.egemtv.com\/index.php?rest_route=%2Fwp%2Fv2%2Fcategories&post=21498"},{"taxonomy":"post_tag","embeddable":true,"href":"https:\/\/www.egemtv.com\/index.php?rest_route=%2Fwp%2Fv2%2Ftags&post=21498"}],"curies":[{"name":"wp","href":"https:\/\/api.w.org\/{rel}","templated":true}]}}