{"id":21492,"date":"2025-02-21T17:48:54","date_gmt":"2025-02-21T14:48:54","guid":{"rendered":"https:\/\/www.egemtv.com\/?p=21492"},"modified":"2025-02-21T17:48:59","modified_gmt":"2025-02-21T14:48:59","slug":"aliaganin-sampiyon-genclerinden-baskan-serkan-acara-ziyaret-2","status":"publish","type":"post","link":"https:\/\/www.egemtv.com\/?p=21492","title":{"rendered":"Alia\u011fa\u2019n\u0131n \u015fampiyon gen\u00e7lerinden Ba\u015fkan Serkan Acar\u2019a ziyaret"},"content":{"rendered":"<p>Alia\u011fa Gen\u00e7lik Merkezi Taekwondo ve Y\u00fczme kursu \u00f6\u011frencileri bir\u00e7ok dalda madalya kazand\u0131. Sporcular\u0131 makam\u0131nda a\u011f\u0131rlay\u0131p tebrik eden Ba\u015fkan Acar, &#8220;Sportif alanda elde edilen bu ba\u015far\u0131lar Alia\u011fa\u2019n\u0131n tan\u0131t\u0131m\u0131na \u00f6nemli katk\u0131 veriyor&#8221; dedi.<br \/>\n<br \/>Alia\u011fa Gen\u00e7lik Merkezi (AGM) Spor Kul\u00fcb\u00fc \u00e7at\u0131s\u0131 alt\u0131nda e\u011fitim g\u00f6ren Taekwondo ve Y\u00fczme kursu \u00f6\u011frencileri elde ettikleri ba\u015far\u0131lar sonras\u0131nda Alia\u011fa Belediye Ba\u015fkan\u0131 Serkan Acar\u2019\u0131n misafiri oldu. Sporcular\u0131n ziyaretlerinden duydu\u011fu memnuniyeti dile getirerek ulusal ve uluslararas\u0131 turnuvalarda Alia\u011fa\u2019y\u0131 ba\u015far\u0131yla temsil eden sporcular\u0131 tebrik eden Alia\u011fa Belediye Ba\u015fkan\u0131 Serkan Acar, &#8220;Alia\u011fa\u2019n\u0131n sporla ya\u015fayan bir kent haline geldi\u011fini, sportif alanda elde edilen bu ba\u015far\u0131lar\u0131n Alia\u011fa\u2019n\u0131n tan\u0131t\u0131m\u0131na da \u00f6nemli katk\u0131lar sunuyor&#8221; ifadelerinde bulundu.<\/p>\n<p>&#8220;Hedefimiz, Sporcu E\u011fitim Merkezi\u2019ne sporcu g\u00f6ndermek&#8221;<br \/>\n<br \/>AGM Spor Kul\u00fcb\u00fc Y\u00fczme Kursu Antren\u00f6r\u00fc Muhammed Ali Duman, Ulusal ve uluslararas\u0131 alanda ba\u015far\u0131l\u0131 sporcular yeti\u015ftirmek amac\u0131yla \u00fclke genelinde sporcu altyap\u0131s\u0131n\u0131 olu\u015fturmak i\u00e7in \u00e7al\u0131\u015fan Sporcu E\u011fitim Merkezi\u2019ne sporcu g\u00f6ndermeyi hedeflediklerini ifade etti. Duman, &#8220;Bu sayede Alia\u011fa\u2019da bir ilki ger\u00e7ekle\u015ftirmek istediklerini, gelecek turnuvalarda ise yeni ba\u015far\u0131lar elde etmek i\u00e7in \u00e7al\u0131\u015fmalar\u0131na devam edecekler&#8221; diye konu\u015ftu.<\/p>\n<p>Alia\u011fa\u2019n\u0131n gen\u00e7 taekwondocular\u0131 ba\u015far\u0131ya doymuyor<br \/>\n<br \/>AGM Spor Kul\u00fcb\u00fc, T\u00fcrkiye Taekwondo Federasyonu taraf\u0131ndan Antalya\u2019da 8-16 \u015eubat tarihlerinde d\u00fczenlenen, 60 \u00fclkeden 3 bin sporcunun kat\u0131ld\u0131\u011f\u0131 12. Uluslararas\u0131 T\u00fcrkiye A\u00e7\u0131k Taekwondo m\u00fcsabakas\u0131na (T\u00fcrkiye Open 2025)  6 sporcusuyla kat\u0131ld\u0131. M\u00fcsabakada yar\u0131\u015fan sporculardan; Derya \u00dcz\u00fcld\u00fc \u00e7eyrek finale y\u00fckselerek Gen\u00e7ler Avrupa \u015eampiyonas\u0131 i\u00e7in 4 puan ald\u0131. Derya \u00dcz\u00fcld\u00fc, bu ba\u015far\u0131s\u0131yla kad\u0131nlarda 42 kiloda Avrupa \u015eampiyonas\u0131 Milli Tak\u0131m se\u00e7me m\u00fcsabakalar\u0131na kat\u0131lmaya hak kazand\u0131. Metehan Temel ise y\u0131ld\u0131z erkekler 37 kiloda \u015fampiyon olarak 17-22 Mart tarihlerinde Antalya\u2019da yap\u0131lacak olan Y\u0131ld\u0131zlar D\u00fcnya \u015eampiyonas\u0131\u2019nda elde edece\u011fi derece ile Milli Tak\u0131m\u0131 temsil etmeye hak kazanacak.<\/p>\n<p>&#8220;Alia\u011fa\u2019y\u0131 ve T\u00fcrkiye\u2019yi en iyi \u015fekilde temsil edece\u011fiz&#8221;<br \/>\n<br \/>Alia\u011fa\u2019y\u0131 ve Milli Tak\u0131m\u0131 Balkan \u015eampiyonas\u0131\u2019nda temsil eden AGM Spor Kul\u00fcb\u00fc Taekwondo \u00f6\u011frencisi Sezgin Ege Kaya, Balkan ikincili\u011fi sonras\u0131 3-7 \u015eubat tarihlerinde \u0130zmir\u2019de ger\u00e7ekle\u015ftirilen Okullar aras\u0131 Gen\u00e7ler \u0130l Se\u00e7me m\u00fcsabakalar\u0131nda erkekler 51 Kiloda \u015fampiyon oldu. Sezgin Ege Kaya, 1-2 Mart tarihlerinde Afyon\u2019da d\u00fczenlenecek yar\u0131 finalde Alia\u011fa\u2019y\u0131 temsil edecek. Alia\u011fa Belediyesi Taekwondo Antren\u00f6r\u00fc Ziya C\u00f6nge,&#8221; tak\u0131m\u0131n \u00e7al\u0131\u015fmalar\u0131na h\u0131z kesmeden devam ettiklerini, Alia\u011fa\u2019y\u0131 ve T\u00fcrkiye\u2019yi en iyi \u015fekilde temsil etmeye devam edecekler&#8221; diye ekledi.<\/p>\n<p>Alia\u011fa\u2019n\u0131n \u015fampiyon y\u00fcz\u00fcc\u00fcleri madalyalar\u0131 toplad\u0131<br \/>\n<br \/>AGM Spor Kul\u00fcb\u00fc, T\u00fcrkiye Y\u00fczme Federasyonu\u2019nun 6-8 Aral\u0131k Tarihlerinde, Samsun\u2019da d\u00fczenledi\u011fi, 11 Ya\u015f Geli\u015fim Ligi T\u00fcrkiye Final m\u00fcsabakas\u0131na 3 y\u00fcz\u00fcc\u00fcs\u00fcyle kat\u0131ld\u0131. Ahmet Melih Binali 4 bran\u015fta finallere kat\u0131larak g\u00fcm\u00fc\u015f madalya, Hasan Ka\u011fan Uyan\u0131k 3 bran\u015fta finallere kat\u0131larak bronz madalya, Cafer Taha Berber 3 bran\u015fta finallere kat\u0131larak bronz madalya kazand\u0131. Y\u00fcz\u00fcc\u00fcler 9-11 May\u0131s tarihlerinde Bal\u0131kesir\u2019de d\u00fczenlenecek olan 10-11-12 ya\u015f Ulusal Geli\u015fim Projesi 1\u2019inci Vize M\u00fcsabakalar\u0131na kat\u0131lacak. AGM Spor Kul\u00fcb\u00fc, T\u00fcrkiye Y\u00fczme Federasyonu\u2019nun 13-15 Aral\u0131k Tarihlerinde Bursa\u2019da d\u00fczenledi\u011fi 12 Ya\u015f Geli\u015fim Ligi Final M\u00fcsabakas\u0131na da 1 y\u00fcz\u00fcc\u00fcs\u00fcyle kat\u0131ld\u0131. Emir Ali K\u00f6yl\u00fc; 4 bran\u015fta finallere kalarak g\u00fcm\u00fc\u015f madalya kazand\u0131. Emir Ali K\u00f6yl\u00fc 24-27 \u015eubat tarihlerinde \u0130zmir\u2019de d\u00fczenlenecek 13 ya\u015f ve \u00fczeri Performans Tespit Yar\u0131\u015flar\u0131na kat\u0131lacak.<br \/><\/p>\n","protected":false},"excerpt":{"rendered":"<p>Alia\u011fa Gen\u00e7lik Merkezi Taekwondo ve Y\u00fczme kursu \u00f6\u011frencileri bir\u00e7ok dalda madalya kazand\u0131. Sporcular\u0131 makam\u0131nda a\u011f\u0131rlay\u0131p tebrik eden Ba\u015fkan Acar, &#8220;Sportif alanda elde edilen bu ba\u015far\u0131lar Alia\u011fa\u2019n\u0131n tan\u0131t\u0131m\u0131na \u00f6nemli katk\u0131 veriyor&#8221; dedi. Alia\u011fa Gen\u00e7lik Merkezi (AGM) Spor Kul\u00fcb\u00fc \u00e7at\u0131s\u0131 alt\u0131nda e\u011fitim g\u00f6ren Taekwondo ve Y\u00fczme kursu \u00f6\u011frencileri elde ettikleri ba\u015far\u0131lar sonras\u0131nda Alia\u011fa Belediye Ba\u015fkan\u0131 Serkan Acar\u2019\u0131n&#8230;<\/p>\n","protected":false},"author":1,"featured_media":21494,"comment_status":"open","ping_status":"open","sticky":false,"template":"","format":"standard","meta":{"_crdt_document":"","footnotes":""},"categories":[4],"tags":[],"class_list":["post-21492","post","type-post","status-publish","format-standard","has-post-thumbnail","hentry","category-spor"],"_links":{"self":[{"href":"https:\/\/www.egemtv.com\/index.php?rest_route=\/wp\/v2\/posts\/21492","targetHints":{"allow":["GET"]}}],"collection":[{"href":"https:\/\/www.egemtv.com\/index.php?rest_route=\/wp\/v2\/posts"}],"about":[{"href":"https:\/\/www.egemtv.com\/index.php?rest_route=\/wp\/v2\/types\/post"}],"author":[{"embeddable":true,"href":"https:\/\/www.egemtv.com\/index.php?rest_route=\/wp\/v2\/users\/1"}],"replies":[{"embeddable":true,"href":"https:\/\/www.egemtv.com\/index.php?rest_route=%2Fwp%2Fv2%2Fcomments&post=21492"}],"version-history":[{"count":1,"href":"https:\/\/www.egemtv.com\/index.php?rest_route=\/wp\/v2\/posts\/21492\/revisions"}],"predecessor-version":[{"id":21497,"href":"https:\/\/www.egemtv.com\/index.php?rest_route=\/wp\/v2\/posts\/21492\/revisions\/21497"}],"wp:featuredmedia":[{"embeddable":true,"href":"https:\/\/www.egemtv.com\/index.php?rest_route=\/wp\/v2\/media\/21494"}],"wp:attachment":[{"href":"https:\/\/www.egemtv.com\/index.php?rest_route=%2Fwp%2Fv2%2Fmedia&parent=21492"}],"wp:term":[{"taxonomy":"category","embeddable":true,"href":"https:\/\/www.egemtv.com\/index.php?rest_route=%2Fwp%2Fv2%2Fcategories&post=21492"},{"taxonomy":"post_tag","embeddable":true,"href":"https:\/\/www.egemtv.com\/index.php?rest_route=%2Fwp%2Fv2%2Ftags&post=21492"}],"curies":[{"name":"wp","href":"https:\/\/api.w.org\/{rel}","templated":true}]}}