{"id":21410,"date":"2025-02-21T15:14:28","date_gmt":"2025-02-21T12:14:28","guid":{"rendered":"https:\/\/www.egemtv.com\/?p=21410"},"modified":"2025-02-21T15:14:32","modified_gmt":"2025-02-21T12:14:32","slug":"burdurda-iki-otomobil-carpisti-2-yarali","status":"publish","type":"post","link":"https:\/\/www.egemtv.com\/?p=21410","title":{"rendered":"Burdur\u2019da iki otomobil \u00e7arp\u0131\u015ft\u0131: 2 yaral\u0131"},"content":{"rendered":"<p>Burdur\u2019da iki otomobilin \u00e7arp\u0131\u015fmas\u0131 sonucu meydana gelen kazada 2 ki\u015fi yaraland\u0131.<br \/>\n<br \/>Kaza, saat 10.50 s\u0131ralar\u0131nda Ye\u015filova il\u00e7esi Bah\u00e7elievler Mahallesi Burdur Caddesi \u00fczerinde meydana geldi. Edinilen bilgiye g\u00f6re, Veli A. (88) idaresindeki 15 LH 052 plakal\u0131 Dacia marka otomobil, Furkan K. (26) y\u00f6netimindeki 16 NPE 30 plakal\u0131 Dacia marka otomobil ile \u00e7arp\u0131\u015ft\u0131. \u00c7arp\u0131\u015fman\u0131n \u015fiddetiyle her iki ara\u00e7taki s\u00fcr\u00fcc\u00fcler yaraland\u0131. Veli A., kaza sonras\u0131 arac\u0131yla tar\u0131m makinelerinin bulundu\u011fu bir arsaya d\u00fc\u015ferek arac\u0131nda s\u0131k\u0131\u015ft\u0131. \u00c7evredeki vatanda\u015flar\u0131n 112 Acil \u00c7a\u011fr\u0131 Merkezi\u2019ne ihbar\u0131 \u00fczerine b\u00f6lgeye polis, itfaiye ve sa\u011fl\u0131k ekipleri sevk edildi. Olay yerine gelen itfaiye ekipleri, Veli A.\u2019y\u0131 s\u0131k\u0131\u015ft\u0131\u011f\u0131 yerden \u00e7\u0131kararak sa\u011fl\u0131k ekiplerinin ilk m\u00fcdahalesinin ard\u0131ndan hastaneye kald\u0131rd\u0131. Di\u011fer yaral\u0131 s\u00fcr\u00fcc\u00fc Furkan K. ise ambulansla hastaneye sevk edildi.<br \/>\n<br \/>Kaza ile ilgili inceleme ba\u015flat\u0131ld\u0131.<br \/><\/p>\n","protected":false},"excerpt":{"rendered":"<p>Burdur\u2019da iki otomobilin \u00e7arp\u0131\u015fmas\u0131 sonucu meydana gelen kazada 2 ki\u015fi yaraland\u0131. Kaza, saat 10.50 s\u0131ralar\u0131nda Ye\u015filova il\u00e7esi Bah\u00e7elievler Mahallesi Burdur Caddesi \u00fczerinde meydana geldi. Edinilen bilgiye g\u00f6re, Veli A. (88) idaresindeki 15 LH 052 plakal\u0131 Dacia marka otomobil, Furkan K. (26) y\u00f6netimindeki 16 NPE 30 plakal\u0131 Dacia marka otomobil ile \u00e7arp\u0131\u015ft\u0131. \u00c7arp\u0131\u015fman\u0131n \u015fiddetiyle her iki&#8230;<\/p>\n","protected":false},"author":1,"featured_media":21411,"comment_status":"open","ping_status":"open","sticky":false,"template":"","format":"standard","meta":{"_crdt_document":"","footnotes":""},"categories":[5],"tags":[],"class_list":["post-21410","post","type-post","status-publish","format-standard","has-post-thumbnail","hentry","category-asayis"],"_links":{"self":[{"href":"https:\/\/www.egemtv.com\/index.php?rest_route=\/wp\/v2\/posts\/21410","targetHints":{"allow":["GET"]}}],"collection":[{"href":"https:\/\/www.egemtv.com\/index.php?rest_route=\/wp\/v2\/posts"}],"about":[{"href":"https:\/\/www.egemtv.com\/index.php?rest_route=\/wp\/v2\/types\/post"}],"author":[{"embeddable":true,"href":"https:\/\/www.egemtv.com\/index.php?rest_route=\/wp\/v2\/users\/1"}],"replies":[{"embeddable":true,"href":"https:\/\/www.egemtv.com\/index.php?rest_route=%2Fwp%2Fv2%2Fcomments&post=21410"}],"version-history":[{"count":1,"href":"https:\/\/www.egemtv.com\/index.php?rest_route=\/wp\/v2\/posts\/21410\/revisions"}],"predecessor-version":[{"id":21412,"href":"https:\/\/www.egemtv.com\/index.php?rest_route=\/wp\/v2\/posts\/21410\/revisions\/21412"}],"wp:featuredmedia":[{"embeddable":true,"href":"https:\/\/www.egemtv.com\/index.php?rest_route=\/wp\/v2\/media\/21411"}],"wp:attachment":[{"href":"https:\/\/www.egemtv.com\/index.php?rest_route=%2Fwp%2Fv2%2Fmedia&parent=21410"}],"wp:term":[{"taxonomy":"category","embeddable":true,"href":"https:\/\/www.egemtv.com\/index.php?rest_route=%2Fwp%2Fv2%2Fcategories&post=21410"},{"taxonomy":"post_tag","embeddable":true,"href":"https:\/\/www.egemtv.com\/index.php?rest_route=%2Fwp%2Fv2%2Ftags&post=21410"}],"curies":[{"name":"wp","href":"https:\/\/api.w.org\/{rel}","templated":true}]}}