{"id":21407,"date":"2025-02-21T15:11:54","date_gmt":"2025-02-21T12:11:54","guid":{"rendered":"https:\/\/www.egemtv.com\/?p=21407"},"modified":"2025-02-21T15:11:59","modified_gmt":"2025-02-21T12:11:59","slug":"baskan-aras-bolgemizde-tsunami-riski-az","status":"publish","type":"post","link":"https:\/\/www.egemtv.com\/?p=21407","title":{"rendered":"Ba\u015fkan Aras, &#8220;B\u00f6lgemizde tsunami riski az&#8221;"},"content":{"rendered":"<p>K\u0131y\u0131 Ege Belediyeler Birli\u011fi 2025 \u015eubat ay\u0131 enc\u00fcmen toplant\u0131s\u0131 Mu\u011fla B\u00fcy\u00fck\u015fehir Belediye Ba\u015fkan\u0131 Ahmet Aras\u2019\u0131n ba\u015fkanl\u0131\u011f\u0131nda, Narl\u0131dere Belediye Ba\u015fkan\u0131 Erman Uzun ev sahipli\u011finde ger\u00e7ekle\u015ftirildi.<br \/>\n<br \/>Enc\u00fcmen toplant\u0131s\u0131nda birlik temel sorunlar\u0131 ele al\u0131n\u0131rken, ortak ak\u0131l ve dayan\u0131\u015fma i\u00e7inde s\u00fcrd\u00fcr\u00fclebilir \u00e7\u00f6z\u00fcmler \u00fcretmek i\u00e7in fikir birli\u011fine var\u0131ld\u0131.<br \/>\n<br \/>K\u0131y\u0131 Ege Belediyeleri ortak \u00e7\u00f6z\u00fcmler i\u00e7in bir araya geldi<br \/>\n<br \/>Enc\u00fcmen toplant\u0131s\u0131nda \u00f6nemli a\u00e7\u0131klamalarda bulunan K\u0131y\u0131 Ege Belediyeler Birli\u011fi ve Mu\u011fla B\u00fcy\u00fck\u015fehir Belediye Ba\u015fkan\u0131 Ahmet Aras, &#8220;Bug\u00fcn burada, K\u0131y\u0131 Ege B\u00f6lgesi\u2019nin sorunlar\u0131n\u0131 ele al\u0131yor ve ortak \u00e7\u00f6z\u00fcmler \u00fcretmek i\u00e7in dayan\u0131\u015fma i\u00e7inde hareket ediyoruz. Afetlere kar\u015f\u0131 diren\u00e7li kentler olu\u015fturmak, demokrasiye ve halk iradesine sahip \u00e7\u0131kmak, \u00f6zg\u00fcr bas\u0131n\u0131 savunmak, \u00e7evreyi ve hayvan haklar\u0131n\u0131 koruyarak s\u00fcrd\u00fcr\u00fclebilir \u00e7\u00f6z\u00fcmler geli\u015ftirmek i\u00e7in \u00e7al\u0131\u015fmaya, \u00fczerimize d\u00fc\u015fen sorumlulu\u011fu en iyi \u015fekilde yerine getirmeye devam edece\u011fiz. K\u0131y\u0131 Ege Belediyeleri olarak, ortak ak\u0131l ve bilimsel y\u00f6ntemlerle kentlerimizi gelece\u011fe haz\u0131rl\u0131yoruz. Halk\u0131m\u0131z\u0131n refah\u0131 ve b\u00f6lgemizin geli\u015fimi i\u00e7in birlikte \u00fcretmeye, birlikte \u00e7\u00f6z\u00fcm bulmaya devam edece\u011fiz&#8221; dedi.<br \/>\n<br \/>Aras, &#8220;Deprem ve Tsunami riski b\u00f6lgemizde olduk\u00e7a az&#8221;<br \/>\n<br \/>Ba\u015fkan Aras, &#8220;Deprem ger\u00e7e\u011fini g\u00f6z ard\u0131 etmeden kentlerimizin diren\u00e7lili\u011fini artt\u0131rmal\u0131y\u0131z. Son zamanlarda b\u00f6lgemiz bir deprem ve tsunami riskiyle kar\u015f\u0131 kar\u015f\u0131ya. Santorini Adas\u0131\u2019nda ger\u00e7ekle\u015fen sismik hareketlilik b\u00f6lgemizi de etkileme ihtimali var. Biz de Ege B\u00f6lgesi\u2019nin belediye ba\u015fkanlar\u0131 olarak muhtemel deprem tehditlerine kar\u015f\u0131 toplanarak Deprem Eylem Plan\u0131 i\u00e7in isti\u015farelerde bulunduk. Ayr\u0131ca Mu\u011fla\u2019da da koordinasyon toplant\u0131lar\u0131 ger\u00e7ekle\u015ftirdik. AFAD ile yapt\u0131\u011f\u0131m\u0131z toplant\u0131ya alan\u0131nda uzman ki\u015filer de kat\u0131ld\u0131. Bu toplant\u0131da Mu\u011fla\u2019n\u0131n ve Ege B\u00f6lgesi\u2019nin muhtemel depremlerden ve tsunami riskinden uzak oldu\u011funu uzmanlar\u0131m\u0131z ifade ettiler. Deprem ve tsunami riskinin az olmas\u0131na ra\u011fmen bizler haz\u0131rl\u0131klar\u0131m\u0131za devam ediyoruz. Bu sebeple \u00fclkemize ve b\u00f6lgemize gelmeyi planlayan turistler i\u00e7in bir tehlike olmad\u0131\u011f\u0131n\u0131 buradan bildirmek isterim&#8221; dedi.<br \/>\n<br \/>Turizm b\u00f6lgelerini olumsuz etkileyen fakt\u00f6rler<br \/>\n<br \/>Ba\u015fkan Aras, K\u0131y\u0131 Ege Belediyelerinin turizm b\u00f6lgesi oldu\u011funu ve son zamanlarda \u00e7\u0131kan sahte i\u00e7ki haberleriyle birlikte b\u00f6lgelerin turizm a\u00e7\u0131s\u0131ndan zarar g\u00f6rebilece\u011fine de\u011findi. Aras, &#8220;Bu zamana kadar y\u00fczlerce vatanda\u015f\u0131m\u0131z sahte i\u00e7kiden hayat\u0131n\u0131 kaybetti. Ayr\u0131ca bu durum turistleri de tedirgin ediyor. \u00dclkemize gelen turistler sahte i\u00e7ki konusunda uyar\u0131l\u0131yor. Yaln\u0131zca sahte i\u00e7ki konusunda de\u011fil, son d\u00f6nemde Bolu\u2019da ya\u015fanan otel yang\u0131n\u0131 da \u00e7ok \u00fcz\u00fcc\u00fc bir hadise olmas\u0131n\u0131n yan\u0131nda turistlerin can g\u00fcvenli\u011fi konusunda \u015f\u00fcphelerinin artmas\u0131 i\u00e7in bir neden olarak de\u011ferlendirebilir. Bu sebeple hem yang\u0131nlarla hem de sahte i\u00e7ki meseleleriyle yak\u0131ndan ilgilenilmesi gerekiyor&#8221; dedi.<br \/><\/p>\n","protected":false},"excerpt":{"rendered":"<p>K\u0131y\u0131 Ege Belediyeler Birli\u011fi 2025 \u015eubat ay\u0131 enc\u00fcmen toplant\u0131s\u0131 Mu\u011fla B\u00fcy\u00fck\u015fehir Belediye Ba\u015fkan\u0131 Ahmet Aras\u2019\u0131n ba\u015fkanl\u0131\u011f\u0131nda, Narl\u0131dere Belediye Ba\u015fkan\u0131 Erman Uzun ev sahipli\u011finde ger\u00e7ekle\u015ftirildi. Enc\u00fcmen toplant\u0131s\u0131nda birlik temel sorunlar\u0131 ele al\u0131n\u0131rken, ortak ak\u0131l ve dayan\u0131\u015fma i\u00e7inde s\u00fcrd\u00fcr\u00fclebilir \u00e7\u00f6z\u00fcmler \u00fcretmek i\u00e7in fikir birli\u011fine var\u0131ld\u0131. K\u0131y\u0131 Ege Belediyeleri ortak \u00e7\u00f6z\u00fcmler i\u00e7in bir araya geldi Enc\u00fcmen toplant\u0131s\u0131nda \u00f6nemli&#8230;<\/p>\n","protected":false},"author":1,"featured_media":21408,"comment_status":"open","ping_status":"open","sticky":false,"template":"","format":"standard","meta":{"_crdt_document":"","footnotes":""},"categories":[127],"tags":[],"class_list":["post-21407","post","type-post","status-publish","format-standard","has-post-thumbnail","hentry","category-siyaset"],"_links":{"self":[{"href":"https:\/\/www.egemtv.com\/index.php?rest_route=\/wp\/v2\/posts\/21407","targetHints":{"allow":["GET"]}}],"collection":[{"href":"https:\/\/www.egemtv.com\/index.php?rest_route=\/wp\/v2\/posts"}],"about":[{"href":"https:\/\/www.egemtv.com\/index.php?rest_route=\/wp\/v2\/types\/post"}],"author":[{"embeddable":true,"href":"https:\/\/www.egemtv.com\/index.php?rest_route=\/wp\/v2\/users\/1"}],"replies":[{"embeddable":true,"href":"https:\/\/www.egemtv.com\/index.php?rest_route=%2Fwp%2Fv2%2Fcomments&post=21407"}],"version-history":[{"count":1,"href":"https:\/\/www.egemtv.com\/index.php?rest_route=\/wp\/v2\/posts\/21407\/revisions"}],"predecessor-version":[{"id":21409,"href":"https:\/\/www.egemtv.com\/index.php?rest_route=\/wp\/v2\/posts\/21407\/revisions\/21409"}],"wp:featuredmedia":[{"embeddable":true,"href":"https:\/\/www.egemtv.com\/index.php?rest_route=\/wp\/v2\/media\/21408"}],"wp:attachment":[{"href":"https:\/\/www.egemtv.com\/index.php?rest_route=%2Fwp%2Fv2%2Fmedia&parent=21407"}],"wp:term":[{"taxonomy":"category","embeddable":true,"href":"https:\/\/www.egemtv.com\/index.php?rest_route=%2Fwp%2Fv2%2Fcategories&post=21407"},{"taxonomy":"post_tag","embeddable":true,"href":"https:\/\/www.egemtv.com\/index.php?rest_route=%2Fwp%2Fv2%2Ftags&post=21407"}],"curies":[{"name":"wp","href":"https:\/\/api.w.org\/{rel}","templated":true}]}}