{"id":21404,"date":"2025-02-21T15:11:35","date_gmt":"2025-02-21T12:11:35","guid":{"rendered":"https:\/\/www.egemtv.com\/?p=21404"},"modified":"2025-02-21T15:11:40","modified_gmt":"2025-02-21T12:11:40","slug":"soke-belediye-baskani-arikan-kocarli-belediye-baskani-arici-ile-gorustu","status":"publish","type":"post","link":"https:\/\/www.egemtv.com\/?p=21404","title":{"rendered":"S\u00f6ke Belediye Ba\u015fkan\u0131 Ar\u0131kan, Ko\u00e7arl\u0131 Belediye Ba\u015fkan\u0131 Ar\u0131c\u0131 ile g\u00f6r\u00fc\u015ft\u00fc"},"content":{"rendered":"<p>S\u00f6ke Belediye Ba\u015fkan\u0131 Dr. Mustafa \u0130berya Ar\u0131kan, Ko\u00e7arl\u0131 Belediye Ba\u015fkan\u0131 \u00d6zg\u00fcr Ar\u0131c\u0131\u2019y\u0131 ziyaret etti.<\/p>\n<p>\u0130lk olarak Ko\u00e7arl\u0131 Belediyesi\u2019nde bir araya gelen iki ba\u015fkan, ger\u00e7ekle\u015ftirilen \u00e7al\u0131\u015fmalar hakk\u0131nda fikir al\u0131\u015fveri\u015finde bulundu. Ba\u015fkan Ar\u0131c\u0131 ve Ba\u015fkan Ar\u0131kan k\u0131sa s\u00fcre \u00f6nce hizmete a\u00e7\u0131lan Ko\u00e7arl\u0131 Market\u2019i de gezdi. S\u00f6ke Belediye Ba\u015fkan\u0131 Dr. Mustafa \u0130berya Ar\u0131kan, Ko\u00e7arl\u0131 Belediye Ba\u015fkan\u0131 \u00d6zg\u00fcr Ar\u0131c\u0131\u2019dan, markette sunulan \u00fcr\u00fcnler ve vatanda\u015flara sa\u011flanan hizmetler hakk\u0131nda bilgi ald\u0131. Ba\u015fkan Ar\u0131kan; t\u00fcm CHP\u2019li belediyelerde oldu\u011fu gibi sosyal demokrat belediyecili\u011fin \u00f6rneklerinden biri olan Ko\u00e7arl\u0131 Market\u2019i vatanda\u015flara kazd\u0131rd\u0131\u011f\u0131 i\u00e7in Ba\u015fkan \u00d6zg\u00fcr Ar\u0131c\u0131\u2019y\u0131 tebrik etti, hay\u0131rl\u0131 olsun dileklerini iletti.<br \/>\n<br \/>Ko\u00e7arl\u0131 Belediye Ba\u015fkan\u0131 \u00d6zg\u00fcr Ar\u0131c\u0131, belediyeler aras\u0131 i\u015fbirli\u011finin \u00f6nemine dikkat \u00e7ekerek; &#8220;Hizmet yolunda belediye ba\u015fkanlar\u0131 olarak el ele \u00e7al\u0131\u015fmaya devam ediyoruz. Ziyaretinden ve nezaketinden dolay\u0131 S\u00f6ke Belediye Ba\u015fkan\u0131m\u0131z Say\u0131n Ar\u0131kan\u2019a \u00e7ok te\u015fekk\u00fcr ediyorum&#8221; dedi.<br \/><\/p>\n","protected":false},"excerpt":{"rendered":"<p>S\u00f6ke Belediye Ba\u015fkan\u0131 Dr. Mustafa \u0130berya Ar\u0131kan, Ko\u00e7arl\u0131 Belediye Ba\u015fkan\u0131 \u00d6zg\u00fcr Ar\u0131c\u0131\u2019y\u0131 ziyaret etti. \u0130lk olarak Ko\u00e7arl\u0131 Belediyesi\u2019nde bir araya gelen iki ba\u015fkan, ger\u00e7ekle\u015ftirilen \u00e7al\u0131\u015fmalar hakk\u0131nda fikir al\u0131\u015fveri\u015finde bulundu. Ba\u015fkan Ar\u0131c\u0131 ve Ba\u015fkan Ar\u0131kan k\u0131sa s\u00fcre \u00f6nce hizmete a\u00e7\u0131lan Ko\u00e7arl\u0131 Market\u2019i de gezdi. S\u00f6ke Belediye Ba\u015fkan\u0131 Dr. Mustafa \u0130berya Ar\u0131kan, Ko\u00e7arl\u0131 Belediye Ba\u015fkan\u0131 \u00d6zg\u00fcr Ar\u0131c\u0131\u2019dan,&#8230;<\/p>\n","protected":false},"author":1,"featured_media":21405,"comment_status":"open","ping_status":"open","sticky":false,"template":"","format":"standard","meta":{"_crdt_document":"","footnotes":""},"categories":[1],"tags":[],"class_list":["post-21404","post","type-post","status-publish","format-standard","has-post-thumbnail","hentry","category-guncel"],"_links":{"self":[{"href":"https:\/\/www.egemtv.com\/index.php?rest_route=\/wp\/v2\/posts\/21404","targetHints":{"allow":["GET"]}}],"collection":[{"href":"https:\/\/www.egemtv.com\/index.php?rest_route=\/wp\/v2\/posts"}],"about":[{"href":"https:\/\/www.egemtv.com\/index.php?rest_route=\/wp\/v2\/types\/post"}],"author":[{"embeddable":true,"href":"https:\/\/www.egemtv.com\/index.php?rest_route=\/wp\/v2\/users\/1"}],"replies":[{"embeddable":true,"href":"https:\/\/www.egemtv.com\/index.php?rest_route=%2Fwp%2Fv2%2Fcomments&post=21404"}],"version-history":[{"count":1,"href":"https:\/\/www.egemtv.com\/index.php?rest_route=\/wp\/v2\/posts\/21404\/revisions"}],"predecessor-version":[{"id":21406,"href":"https:\/\/www.egemtv.com\/index.php?rest_route=\/wp\/v2\/posts\/21404\/revisions\/21406"}],"wp:featuredmedia":[{"embeddable":true,"href":"https:\/\/www.egemtv.com\/index.php?rest_route=\/wp\/v2\/media\/21405"}],"wp:attachment":[{"href":"https:\/\/www.egemtv.com\/index.php?rest_route=%2Fwp%2Fv2%2Fmedia&parent=21404"}],"wp:term":[{"taxonomy":"category","embeddable":true,"href":"https:\/\/www.egemtv.com\/index.php?rest_route=%2Fwp%2Fv2%2Fcategories&post=21404"},{"taxonomy":"post_tag","embeddable":true,"href":"https:\/\/www.egemtv.com\/index.php?rest_route=%2Fwp%2Fv2%2Ftags&post=21404"}],"curies":[{"name":"wp","href":"https:\/\/api.w.org\/{rel}","templated":true}]}}