{"id":21398,"date":"2025-02-21T15:11:24","date_gmt":"2025-02-21T12:11:24","guid":{"rendered":"https:\/\/www.egemtv.com\/?p=21398"},"modified":"2025-02-21T15:11:29","modified_gmt":"2025-02-21T12:11:29","slug":"baskan-cercioglu-hizmet-ulastirmaya-devam-ediyor","status":"publish","type":"post","link":"https:\/\/www.egemtv.com\/?p=21398","title":{"rendered":"Ba\u015fkan \u00c7er\u00e7io\u011flu, hizmet ula\u015ft\u0131rmaya devam ediyor"},"content":{"rendered":"<p>Ayd\u0131n B\u00fcy\u00fck\u015fehir Belediyesi taraf\u0131ndan Ayd\u0131n\u2019\u0131n t\u00fcm il\u00e7elerinde ger\u00e7ekle\u015ftirilen \u00e7al\u0131\u015fmalar h\u0131z kesmeden devam ediyor. B\u00fcy\u00fck\u015fehir Belediyesi Park ve Bah\u00e7eler Dairesi Ba\u015fkanl\u0131\u011f\u0131, \u00c7evre Koruma ve Kontrol Dairesi Ba\u015fkanl\u0131\u011f\u0131 ile Ula\u015f\u0131m Dairesi Ba\u015fkanl\u0131\u011f\u0131 ekipleri S\u00f6ke il\u00e7e merkezinde, Ku\u015fadas\u0131 il\u00e7e merkezinde ve Davutlar ile G\u00fczel\u00e7aml\u0131 Mahallelerinde kapsaml\u0131 \u00e7al\u0131\u015fma ger\u00e7ekle\u015ftirdi.<br \/>\n<br \/>B\u00fcy\u00fck\u015fehir Belediye Ba\u015fkan\u0131 \u00d6zlem \u00c7er\u00e7io\u011flu, kente de\u011fer katan \u00e7al\u0131\u015fmalar\u0131 ile Ayd\u0131nl\u0131lara hizmet ula\u015ft\u0131rmay\u0131 s\u00fcrd\u00fcr\u00fcyor. Mesai mefhumu g\u00f6zetmeksizin hizmetlerini s\u00fcrd\u00fcren B\u00fcy\u00fck\u015fehir Belediyesi, S\u00f6ke ve Ku\u015fadas\u0131 il\u00e7elerinde bulunan cadde, bulvar ve parklarda \u00e7al\u0131\u015fma ger\u00e7ekle\u015ftirdi. 20 ara\u00e7 ve 64 personel ile ger\u00e7ekle\u015ftirilen \u00e7evre bak\u0131m, d\u00fczenleme ve yenileme \u00e7al\u0131\u015fmalar\u0131 h\u0131zla tamamland\u0131.<br \/>\n<br \/>Park ve Bah\u00e7eler Dairesi Ba\u015fkanl\u0131\u011f\u0131 ekipleri, S\u00f6ke ve Ku\u015fadas\u0131 il\u00e7elerinde bulunan parklarda kapsaml\u0131 yenileme ve bak\u0131m \u00e7al\u0131\u015fmalar\u0131n\u0131 hayata ge\u00e7irdi. S\u00f6ke\u2019nin ve Ku\u015fadas\u0131\u2019n\u0131n cadde, bulvar ve parklar\u0131 B\u00fcy\u00fck\u015fehir Belediyesi\u2019nin fidanl\u0131klar\u0131nda yeti\u015ftirilen mevsimlik \u00e7i\u00e7ekler ile s\u00fcslendi. \u0130l\u00e7eler genelinde peyzaj ve \u00e7evre d\u00fczenlemesi de ger\u00e7ekle\u015ftiren ekipler, trim\u00f6r ve \u00e7\u0131rpma faaliyetlerini de h\u0131zla tamamlad\u0131. Ekipler, yaya ve s\u00fcr\u00fcc\u00fclerin g\u00fcvenli\u011fi i\u00e7in budama \u00e7al\u0131\u015fmas\u0131 da ger\u00e7ekle\u015ftirdi.<br \/>\n<br \/>Ula\u015f\u0131m Dairesi Ba\u015fkanl\u0131\u011f\u0131 ekipleri taraf\u0131ndan S\u00f6ke ve Ku\u015fadas\u0131 il\u00e7elerinde sinyalizasyon sistemleri ile trafik levhalar\u0131 ve delinat\u00f6rlere bak\u0131m \u00e7al\u0131\u015fmas\u0131 ger\u00e7ekle\u015ftirildi. Yaya ge\u00e7itleri ile trafik \u015feritlerini boyayan ekiplerin hummal\u0131 \u00e7al\u0131\u015fmalar\u0131 s\u00fcr\u00fcc\u00fclerden tam not ald\u0131. Otob\u00fcs duraklar\u0131n\u0131n bak\u0131m\u0131n\u0131 da ger\u00e7ekle\u015ftiren ekipler, her g\u00fcn binlerce vatanda\u015f\u0131n kulland\u0131\u011f\u0131 alanlar\u0131 yeniledi.<br \/>\n<br \/>\u00c7evre Koruma ve Kontrol Dairesi Ba\u015fkanl\u0131\u011f\u0131 ekipleri taraf\u0131ndan p\u0131r\u0131l p\u0131r\u0131l bir Ayd\u0131n i\u00e7in ger\u00e7ekle\u015ftirilen \u00e7al\u0131\u015fmalar s\u00fcrd\u00fcr\u00fcl\u00fcyor. B\u00fcy\u00fck\u015fehir Belediyesi ekiplerinin gece g\u00fcnd\u00fcz demeden ger\u00e7ekle\u015ftirdi\u011fi \u00e7al\u0131\u015fmalar ile kazanan Ayd\u0131nl\u0131lar oluyor. T\u00fcm il\u00e7elerde oldu\u011fu gibi S\u00f6ke ve Ku\u015fadas\u0131 il\u00e7eleri genelinde hizmetlerini aral\u0131ks\u0131z s\u00fcrd\u00fcren ekiplerin \u00e7al\u0131\u015fmalar\u0131 vatanda\u015flardan da tam not al\u0131yor.<br \/>\n<br \/>Ba\u015fkan \u00c7er\u00e7io\u011flu: &#8220;Hem\u015fehrilerimizi hizmetlerimiz ile bulu\u015fturmaya devam edece\u011fiz&#8221;<br \/>\n<br \/>B\u00fcy\u00fck\u015fehir Belediyesi taraf\u0131ndan ger\u00e7ekle\u015ftirilen \u00e7al\u0131\u015fmalar\u0131n devam edece\u011fini belirten Ayd\u0131n B\u00fcy\u00fck\u015fehir Belediye Ba\u015fkan\u0131 \u00d6zlem \u00c7er\u00e7io\u011flu, &#8220;Ku\u015fadas\u0131 ve S\u00f6ke\u2019de oldu\u011fu gibi g\u00fczel Ayd\u0131n\u0131m\u0131z\u0131n 17 il\u00e7esinin tamam\u0131nda \u00e7al\u0131\u015fmalar\u0131m\u0131za ara vermeden devam ediyoruz. K\u0131rsal mahallelerimizden kent merkezlerimize kadar t\u00fcm il\u00e7elerimizde faaliyetlerimizi ger\u00e7ekle\u015ftiriyor, hem\u015fehrilerimizi hizmetlerimiz ile bulu\u015fturuyoruz. \u00c7al\u0131\u015fmalar\u0131m\u0131za devam edece\u011fiz&#8221; ifadelerini kulland\u0131.<br \/>\n<br \/>\u00c7al\u0131\u015fmalardan memnuniyet duyduklar\u0131n\u0131 belirten vatanda\u015flar, hizmetlerinden dolay\u0131 Ayd\u0131n B\u00fcy\u00fck\u015fehir Belediye Ba\u015fkan\u0131 \u00d6zlem \u00c7er\u00e7io\u011flu\u2019na te\u015fekk\u00fcr etti.<br \/><\/p>\n","protected":false},"excerpt":{"rendered":"<p>Ayd\u0131n B\u00fcy\u00fck\u015fehir Belediyesi taraf\u0131ndan Ayd\u0131n\u2019\u0131n t\u00fcm il\u00e7elerinde ger\u00e7ekle\u015ftirilen \u00e7al\u0131\u015fmalar h\u0131z kesmeden devam ediyor. B\u00fcy\u00fck\u015fehir Belediyesi Park ve Bah\u00e7eler Dairesi Ba\u015fkanl\u0131\u011f\u0131, \u00c7evre Koruma ve Kontrol Dairesi Ba\u015fkanl\u0131\u011f\u0131 ile Ula\u015f\u0131m Dairesi Ba\u015fkanl\u0131\u011f\u0131 ekipleri S\u00f6ke il\u00e7e merkezinde, Ku\u015fadas\u0131 il\u00e7e merkezinde ve Davutlar ile G\u00fczel\u00e7aml\u0131 Mahallelerinde kapsaml\u0131 \u00e7al\u0131\u015fma ger\u00e7ekle\u015ftirdi. B\u00fcy\u00fck\u015fehir Belediye Ba\u015fkan\u0131 \u00d6zlem \u00c7er\u00e7io\u011flu, kente de\u011fer katan \u00e7al\u0131\u015fmalar\u0131 ile&#8230;<\/p>\n","protected":false},"author":1,"featured_media":21399,"comment_status":"open","ping_status":"open","sticky":false,"template":"","format":"standard","meta":{"_crdt_document":"","footnotes":""},"categories":[1],"tags":[],"class_list":["post-21398","post","type-post","status-publish","format-standard","has-post-thumbnail","hentry","category-guncel"],"_links":{"self":[{"href":"https:\/\/www.egemtv.com\/index.php?rest_route=\/wp\/v2\/posts\/21398","targetHints":{"allow":["GET"]}}],"collection":[{"href":"https:\/\/www.egemtv.com\/index.php?rest_route=\/wp\/v2\/posts"}],"about":[{"href":"https:\/\/www.egemtv.com\/index.php?rest_route=\/wp\/v2\/types\/post"}],"author":[{"embeddable":true,"href":"https:\/\/www.egemtv.com\/index.php?rest_route=\/wp\/v2\/users\/1"}],"replies":[{"embeddable":true,"href":"https:\/\/www.egemtv.com\/index.php?rest_route=%2Fwp%2Fv2%2Fcomments&post=21398"}],"version-history":[{"count":1,"href":"https:\/\/www.egemtv.com\/index.php?rest_route=\/wp\/v2\/posts\/21398\/revisions"}],"predecessor-version":[{"id":21400,"href":"https:\/\/www.egemtv.com\/index.php?rest_route=\/wp\/v2\/posts\/21398\/revisions\/21400"}],"wp:featuredmedia":[{"embeddable":true,"href":"https:\/\/www.egemtv.com\/index.php?rest_route=\/wp\/v2\/media\/21399"}],"wp:attachment":[{"href":"https:\/\/www.egemtv.com\/index.php?rest_route=%2Fwp%2Fv2%2Fmedia&parent=21398"}],"wp:term":[{"taxonomy":"category","embeddable":true,"href":"https:\/\/www.egemtv.com\/index.php?rest_route=%2Fwp%2Fv2%2Fcategories&post=21398"},{"taxonomy":"post_tag","embeddable":true,"href":"https:\/\/www.egemtv.com\/index.php?rest_route=%2Fwp%2Fv2%2Ftags&post=21398"}],"curies":[{"name":"wp","href":"https:\/\/api.w.org\/{rel}","templated":true}]}}