{"id":21395,"date":"2025-02-21T14:47:43","date_gmt":"2025-02-21T11:47:43","guid":{"rendered":"https:\/\/www.egemtv.com\/?p=21395"},"modified":"2025-02-21T14:47:49","modified_gmt":"2025-02-21T11:47:49","slug":"mugla-obmde-2025-yilinda-80-milyon-tl-orkoy-destegi-verilecek","status":"publish","type":"post","link":"https:\/\/www.egemtv.com\/?p=21395","title":{"rendered":"Mu\u011fla OBM\u2019de 2025 Y\u0131l\u0131nda 80 Milyon TL ORK\u00d6Y deste\u011fi verilecek"},"content":{"rendered":"<p>Mu\u011fla Orman B\u00f6lge M\u00fcd\u00fcrl\u00fc\u011f\u00fc\u2019nde ORK\u00d6Y \u00e7al\u0131\u015fmalar\u0131 kapsam\u0131nda 2025 y\u0131l\u0131nda Mu\u011fla ve Ayd\u0131n illerinde 216 aileye toplam 80 milyon 160 bin TL ORK\u00d6Y kredisi verilecek.<br \/>\n<br \/>Mu\u011fla Orman B\u00f6lge M\u00fcd\u00fcrl\u00fc\u011f\u00fcnde ORK\u00d6Y faaliyetleri kapsam\u0131nda orman k\u00f6yl\u00fcs\u00fcne destek \u00e7al\u0131\u015fmalar\u0131 devam ediyor. Mu\u011fla ve Ayd\u0131n illerinde 2025 y\u0131l\u0131 ORK\u00d6Y destekleri kapsam\u0131nda s\u00fct s\u0131\u011f\u0131rc\u0131l\u0131\u011f\u0131, fenni ar\u0131c\u0131l\u0131k, g\u00fcne\u015f enerjisi paneli, tomruk \u00e7ekme tamburu ve trakt\u00f6r alanlar\u0131nda orman k\u00f6yl\u00fclerine 80 milyon 160 bin TL kredi deste\u011fi sa\u011flanacak.<br \/>\n<br \/>Mu\u011fla Orman B\u00f6lge M\u00fcd\u00fcr\u00fc Mustafa \u00dclk\u00fcd\u00fcr, orman k\u00f6ylerinde ya\u015fayan vatanda\u015flar\u0131n sosyal ve ekonomik geli\u015fmelerini desteklemek amac\u0131yla ORK\u00d6Y faaliyetleri kapsam\u0131nda kredi deste\u011fi sa\u011fland\u0131\u011f\u0131n\u0131 belirterek, ORK\u00d6Y kredilerinin y\u00fczde 20\u2019sinin hibe geri kalan y\u00fczde 80\u2019lik k\u0131sm\u0131n\u0131n faizsiz geri \u00f6deme \u015feklinde verildi\u011fini s\u00f6yledi.<br \/>\n<br \/>Mu\u011fla ve Ayd\u0131n illerinde 2025 y\u0131l\u0131 ORK\u00d6Y kredi destekleriyle ilgili bilgilendirme ve tespit \u00e7al\u0131\u015fmalar\u0131 devam ediyor. Bu kapsamda ORK\u00d6Y \u015eube M\u00fcd\u00fcrl\u00fc\u011f\u00fc koordinesinde \u0130\u015fletme M\u00fcd\u00fcrl\u00fckleri taraf\u0131ndan k\u00f6ylerde bilgilendirme toplant\u0131lar\u0131 ve kredi iste\u011finde bulunan k\u00f6yl\u00fc vatanda\u015flar\u0131n tespit \u00e7al\u0131\u015fmalar\u0131 yap\u0131l\u0131yor.<br \/>\n<br \/>Mu\u011fla Orman B\u00f6lge M\u00fcd\u00fcrl\u00fc\u011f\u00fcnde 2025 y\u0131l\u0131 i\u00e7in Mu\u011fla ilinde 151 ve Ayd\u0131n ilinde 65 olmak \u00fczere 216 aileye toplam 80 milyon 160 bin TL kredi deste\u011fi sa\u011flanacak. 2024 y\u0131l\u0131nda Mu\u011fla ve Ayd\u0131n illerinde orman k\u00f6ylerinde ya\u015fayan 200 aileye 50 milyon 240 bin TL kredi deste\u011fi sa\u011fland\u0131.<br \/><\/p>\n","protected":false},"excerpt":{"rendered":"<p>Mu\u011fla Orman B\u00f6lge M\u00fcd\u00fcrl\u00fc\u011f\u00fc\u2019nde ORK\u00d6Y \u00e7al\u0131\u015fmalar\u0131 kapsam\u0131nda 2025 y\u0131l\u0131nda Mu\u011fla ve Ayd\u0131n illerinde 216 aileye toplam 80 milyon 160 bin TL ORK\u00d6Y kredisi verilecek. Mu\u011fla Orman B\u00f6lge M\u00fcd\u00fcrl\u00fc\u011f\u00fcnde ORK\u00d6Y faaliyetleri kapsam\u0131nda orman k\u00f6yl\u00fcs\u00fcne destek \u00e7al\u0131\u015fmalar\u0131 devam ediyor. Mu\u011fla ve Ayd\u0131n illerinde 2025 y\u0131l\u0131 ORK\u00d6Y destekleri kapsam\u0131nda s\u00fct s\u0131\u011f\u0131rc\u0131l\u0131\u011f\u0131, fenni ar\u0131c\u0131l\u0131k, g\u00fcne\u015f enerjisi paneli, tomruk \u00e7ekme&#8230;<\/p>\n","protected":false},"author":1,"featured_media":21396,"comment_status":"open","ping_status":"open","sticky":false,"template":"","format":"standard","meta":{"_crdt_document":"","footnotes":""},"categories":[1],"tags":[],"class_list":["post-21395","post","type-post","status-publish","format-standard","has-post-thumbnail","hentry","category-guncel"],"_links":{"self":[{"href":"https:\/\/www.egemtv.com\/index.php?rest_route=\/wp\/v2\/posts\/21395","targetHints":{"allow":["GET"]}}],"collection":[{"href":"https:\/\/www.egemtv.com\/index.php?rest_route=\/wp\/v2\/posts"}],"about":[{"href":"https:\/\/www.egemtv.com\/index.php?rest_route=\/wp\/v2\/types\/post"}],"author":[{"embeddable":true,"href":"https:\/\/www.egemtv.com\/index.php?rest_route=\/wp\/v2\/users\/1"}],"replies":[{"embeddable":true,"href":"https:\/\/www.egemtv.com\/index.php?rest_route=%2Fwp%2Fv2%2Fcomments&post=21395"}],"version-history":[{"count":1,"href":"https:\/\/www.egemtv.com\/index.php?rest_route=\/wp\/v2\/posts\/21395\/revisions"}],"predecessor-version":[{"id":21397,"href":"https:\/\/www.egemtv.com\/index.php?rest_route=\/wp\/v2\/posts\/21395\/revisions\/21397"}],"wp:featuredmedia":[{"embeddable":true,"href":"https:\/\/www.egemtv.com\/index.php?rest_route=\/wp\/v2\/media\/21396"}],"wp:attachment":[{"href":"https:\/\/www.egemtv.com\/index.php?rest_route=%2Fwp%2Fv2%2Fmedia&parent=21395"}],"wp:term":[{"taxonomy":"category","embeddable":true,"href":"https:\/\/www.egemtv.com\/index.php?rest_route=%2Fwp%2Fv2%2Fcategories&post=21395"},{"taxonomy":"post_tag","embeddable":true,"href":"https:\/\/www.egemtv.com\/index.php?rest_route=%2Fwp%2Fv2%2Ftags&post=21395"}],"curies":[{"name":"wp","href":"https:\/\/api.w.org\/{rel}","templated":true}]}}