{"id":21389,"date":"2025-02-21T14:22:38","date_gmt":"2025-02-21T11:22:38","guid":{"rendered":"https:\/\/www.egemtv.com\/?p=21389"},"modified":"2025-02-21T14:22:43","modified_gmt":"2025-02-21T11:22:43","slug":"kutahyada-sahipsiz-hayvanlar-icin-yeni-denetim-ve-koruma-plani-gorusuldu","status":"publish","type":"post","link":"https:\/\/www.egemtv.com\/?p=21389","title":{"rendered":"K\u00fctahya\u2019da \u2019Sahipsiz Hayvanlar \u0130\u00e7in Yeni Denetim ve Koruma Plan\u0131\u2019 g\u00f6r\u00fc\u015f\u00fcld\u00fc"},"content":{"rendered":"<p>K\u00fctahya\u2019da sahipsiz hayvanlar\u0131n korunmas\u0131, belediyelerin bak\u0131mevi y\u00fck\u00fcml\u00fcl\u00fckleri ve tehlikeli k\u00f6pek \u0131rklar\u0131n\u0131n y\u00f6netimine y\u00f6nelik toplant\u0131 yap\u0131ld\u0131.<br \/>\n<br \/>K\u00fctahya \u0130l Hayvanlar\u0131 Koruma Kurulu Toplant\u0131s\u0131, Vali Yard\u0131mc\u0131s\u0131 S\u00fcleyman Oval\u0131 ba\u015fkanl\u0131\u011f\u0131nda ger\u00e7ekle\u015ftirildi. Toplant\u0131ya K\u00fctahya Belediye Ba\u015fkan\u0131 Ey\u00fcp Kahveci ve ilgili kurum temsilcileri kat\u0131ld\u0131. Toplant\u0131da, sahipsiz hayvanlar\u0131n korunmas\u0131, belediyelerin bak\u0131mevi y\u00fck\u00fcml\u00fcl\u00fckleri ve tehlikeli k\u00f6pek \u0131rklar\u0131n\u0131n y\u00f6netimi gibi konular detayl\u0131 \u015fekilde ele al\u0131nd\u0131. Ayr\u0131ca, ka\u00e7ak \u00fcretim ve sat\u0131\u015f\u0131n \u00f6nlenmesi ile bak\u0131mevlerine ayr\u0131lacak b\u00fct\u00e7eler hakk\u0131nda g\u00f6r\u00fc\u015f al\u0131\u015fveri\u015finde bulunuldu.<br \/>\n<br \/>Yetkililer, sahipsiz hayvanlar\u0131n daha iyi \u015fartlarda ya\u015famas\u0131 i\u00e7in gerekli ad\u0131mlar\u0131n at\u0131laca\u011f\u0131n\u0131 vurgulad\u0131.<br \/><\/p>\n","protected":false},"excerpt":{"rendered":"<p>K\u00fctahya\u2019da sahipsiz hayvanlar\u0131n korunmas\u0131, belediyelerin bak\u0131mevi y\u00fck\u00fcml\u00fcl\u00fckleri ve tehlikeli k\u00f6pek \u0131rklar\u0131n\u0131n y\u00f6netimine y\u00f6nelik toplant\u0131 yap\u0131ld\u0131. K\u00fctahya \u0130l Hayvanlar\u0131 Koruma Kurulu Toplant\u0131s\u0131, Vali Yard\u0131mc\u0131s\u0131 S\u00fcleyman Oval\u0131 ba\u015fkanl\u0131\u011f\u0131nda ger\u00e7ekle\u015ftirildi. Toplant\u0131ya K\u00fctahya Belediye Ba\u015fkan\u0131 Ey\u00fcp Kahveci ve ilgili kurum temsilcileri kat\u0131ld\u0131. Toplant\u0131da, sahipsiz hayvanlar\u0131n korunmas\u0131, belediyelerin bak\u0131mevi y\u00fck\u00fcml\u00fcl\u00fckleri ve tehlikeli k\u00f6pek \u0131rklar\u0131n\u0131n y\u00f6netimi gibi konular detayl\u0131 \u015fekilde ele&#8230;<\/p>\n","protected":false},"author":1,"featured_media":21390,"comment_status":"open","ping_status":"open","sticky":false,"template":"","format":"standard","meta":{"_crdt_document":"","footnotes":""},"categories":[1],"tags":[],"class_list":["post-21389","post","type-post","status-publish","format-standard","has-post-thumbnail","hentry","category-guncel"],"_links":{"self":[{"href":"https:\/\/www.egemtv.com\/index.php?rest_route=\/wp\/v2\/posts\/21389","targetHints":{"allow":["GET"]}}],"collection":[{"href":"https:\/\/www.egemtv.com\/index.php?rest_route=\/wp\/v2\/posts"}],"about":[{"href":"https:\/\/www.egemtv.com\/index.php?rest_route=\/wp\/v2\/types\/post"}],"author":[{"embeddable":true,"href":"https:\/\/www.egemtv.com\/index.php?rest_route=\/wp\/v2\/users\/1"}],"replies":[{"embeddable":true,"href":"https:\/\/www.egemtv.com\/index.php?rest_route=%2Fwp%2Fv2%2Fcomments&post=21389"}],"version-history":[{"count":1,"href":"https:\/\/www.egemtv.com\/index.php?rest_route=\/wp\/v2\/posts\/21389\/revisions"}],"predecessor-version":[{"id":21391,"href":"https:\/\/www.egemtv.com\/index.php?rest_route=\/wp\/v2\/posts\/21389\/revisions\/21391"}],"wp:featuredmedia":[{"embeddable":true,"href":"https:\/\/www.egemtv.com\/index.php?rest_route=\/wp\/v2\/media\/21390"}],"wp:attachment":[{"href":"https:\/\/www.egemtv.com\/index.php?rest_route=%2Fwp%2Fv2%2Fmedia&parent=21389"}],"wp:term":[{"taxonomy":"category","embeddable":true,"href":"https:\/\/www.egemtv.com\/index.php?rest_route=%2Fwp%2Fv2%2Fcategories&post=21389"},{"taxonomy":"post_tag","embeddable":true,"href":"https:\/\/www.egemtv.com\/index.php?rest_route=%2Fwp%2Fv2%2Ftags&post=21389"}],"curies":[{"name":"wp","href":"https:\/\/api.w.org\/{rel}","templated":true}]}}