{"id":21386,"date":"2025-02-21T14:13:39","date_gmt":"2025-02-21T11:13:39","guid":{"rendered":"https:\/\/www.egemtv.com\/?p=21386"},"modified":"2025-02-21T14:13:44","modified_gmt":"2025-02-21T11:13:44","slug":"usakta-il-idare-sube-baskanliklari-toplantisi-gerceklestirildi","status":"publish","type":"post","link":"https:\/\/www.egemtv.com\/?p=21386","title":{"rendered":"U\u015fak\u2019ta \u0130l \u0130dare \u015eube Ba\u015fkanl\u0131klar\u0131 toplant\u0131s\u0131 ger\u00e7ekle\u015ftirildi"},"content":{"rendered":"<p>U\u015fak Valisi Naci Akta\u015f ba\u015fkanl\u0131\u011f\u0131nda \u0130l \u0130dare \u015eube Ba\u015fkanl\u0131klar\u0131 Toplant\u0131s\u0131 ger\u00e7ekle\u015ftirildi.<br \/>\n<br \/>\u00d6zmerkez \u0130l Genel Meclisi Toplant\u0131 Salonunda ger\u00e7ekle\u015ftirilen toplant\u0131 U\u015fak Valisi Naci Akta\u015f ba\u015fkal\u0131\u011f\u0131nda ger\u00e7ekle\u015ftirildi. Toplant\u0131ya Vali Akta\u015f\u2019\u0131n yan\u0131 s\u0131ra, Vali Yard\u0131mc\u0131lar\u0131, \u0130l Emniyet M\u00fcd\u00fcr\u00fc Mehmet Ali Kolcu, \u0130l Jandarma Komutan\u0131 K\u0131demli Albay Fahri Semiz, \u0130l \u00d6zel \u0130dare Genel Sekreteri Sabri Ceylan ve kurum m\u00fcd\u00fcrleri kat\u0131ld\u0131.<br \/>\n<br \/>Toplant\u0131 ise idarede birli\u011fin i\u015fleyi\u015fi, i\u015flerin d\u00fczenlenmesi ve te\u015fkilatlanmas\u0131n\u0131n uyumlu \u00e7al\u0131\u015fmas\u0131 i\u00e7in gerekli i\u015flemlerin se\u00e7ilmesi ve kararla\u015ft\u0131r\u0131lmas\u0131 amac\u0131yla ger\u00e7ekle\u015ftirildi.<br \/><\/p>\n","protected":false},"excerpt":{"rendered":"<p>U\u015fak Valisi Naci Akta\u015f ba\u015fkanl\u0131\u011f\u0131nda \u0130l \u0130dare \u015eube Ba\u015fkanl\u0131klar\u0131 Toplant\u0131s\u0131 ger\u00e7ekle\u015ftirildi. \u00d6zmerkez \u0130l Genel Meclisi Toplant\u0131 Salonunda ger\u00e7ekle\u015ftirilen toplant\u0131 U\u015fak Valisi Naci Akta\u015f ba\u015fkal\u0131\u011f\u0131nda ger\u00e7ekle\u015ftirildi. Toplant\u0131ya Vali Akta\u015f\u2019\u0131n yan\u0131 s\u0131ra, Vali Yard\u0131mc\u0131lar\u0131, \u0130l Emniyet M\u00fcd\u00fcr\u00fc Mehmet Ali Kolcu, \u0130l Jandarma Komutan\u0131 K\u0131demli Albay Fahri Semiz, \u0130l \u00d6zel \u0130dare Genel Sekreteri Sabri Ceylan ve kurum m\u00fcd\u00fcrleri&#8230;<\/p>\n","protected":false},"author":1,"featured_media":21387,"comment_status":"open","ping_status":"open","sticky":false,"template":"","format":"standard","meta":{"_crdt_document":"","footnotes":""},"categories":[1],"tags":[],"class_list":["post-21386","post","type-post","status-publish","format-standard","has-post-thumbnail","hentry","category-guncel"],"_links":{"self":[{"href":"https:\/\/www.egemtv.com\/index.php?rest_route=\/wp\/v2\/posts\/21386","targetHints":{"allow":["GET"]}}],"collection":[{"href":"https:\/\/www.egemtv.com\/index.php?rest_route=\/wp\/v2\/posts"}],"about":[{"href":"https:\/\/www.egemtv.com\/index.php?rest_route=\/wp\/v2\/types\/post"}],"author":[{"embeddable":true,"href":"https:\/\/www.egemtv.com\/index.php?rest_route=\/wp\/v2\/users\/1"}],"replies":[{"embeddable":true,"href":"https:\/\/www.egemtv.com\/index.php?rest_route=%2Fwp%2Fv2%2Fcomments&post=21386"}],"version-history":[{"count":1,"href":"https:\/\/www.egemtv.com\/index.php?rest_route=\/wp\/v2\/posts\/21386\/revisions"}],"predecessor-version":[{"id":21388,"href":"https:\/\/www.egemtv.com\/index.php?rest_route=\/wp\/v2\/posts\/21386\/revisions\/21388"}],"wp:featuredmedia":[{"embeddable":true,"href":"https:\/\/www.egemtv.com\/index.php?rest_route=\/wp\/v2\/media\/21387"}],"wp:attachment":[{"href":"https:\/\/www.egemtv.com\/index.php?rest_route=%2Fwp%2Fv2%2Fmedia&parent=21386"}],"wp:term":[{"taxonomy":"category","embeddable":true,"href":"https:\/\/www.egemtv.com\/index.php?rest_route=%2Fwp%2Fv2%2Fcategories&post=21386"},{"taxonomy":"post_tag","embeddable":true,"href":"https:\/\/www.egemtv.com\/index.php?rest_route=%2Fwp%2Fv2%2Ftags&post=21386"}],"curies":[{"name":"wp","href":"https:\/\/api.w.org\/{rel}","templated":true}]}}