{"id":21383,"date":"2025-02-21T14:13:33","date_gmt":"2025-02-21T11:13:33","guid":{"rendered":"https:\/\/www.egemtv.com\/?p=21383"},"modified":"2025-02-21T14:13:38","modified_gmt":"2025-02-21T11:13:38","slug":"usakta-112-acil-cagri-hizmetleri-il-koordinasyon-komisyonu-toplantisi-gerceklestirildi","status":"publish","type":"post","link":"https:\/\/www.egemtv.com\/?p=21383","title":{"rendered":"U\u015fak\u2019ta 112 Acil \u00c7a\u011fr\u0131 Hizmetleri \u0130l Koordinasyon Komisyonu Toplant\u0131s\u0131 ger\u00e7ekle\u015ftirildi"},"content":{"rendered":"<p>U\u015fak Valisi Naci Akta\u015f ba\u015fkanl\u0131\u011f\u0131nda 112 Acil \u00c7a\u011fr\u0131 Hizmetleri \u0130l Koordinasyon Komisyonu Toplant\u0131s\u0131 ger\u00e7ekle\u015ftirildi.<br \/>\n<br \/>112 Acil \u00c7a\u011fr\u0131 Merkezi M\u00fcd\u00fcrl\u00fc\u011f\u00fc i\u00e7eresinde bulunan G\u00fcvenlik ve Acil Durumlar Koordinasyon Merkezi (GAMER) toplant\u0131 sonunda ger\u00e7ekle\u015fen 112 Acil \u00c7a\u011fr\u0131 Hizmetleri \u0130l Koordinasyon Komisyonu Toplant\u0131s\u0131 U\u015fak Valisi Naci Akta\u015f ba\u015fkal\u0131\u011f\u0131nda ger\u00e7ekle\u015ftirildi. Toplant\u0131ya Vali Akta\u015f\u2019\u0131n yan\u0131 s\u0131ra, Vali Yard\u0131mc\u0131s\u0131 \u00d6nder Can, U\u015fak Belediye Ba\u015fkan\u0131 \u00d6zkan Yal\u0131m, \u0130l Emniyet M\u00fcd\u00fcr\u00fc Mehmet Ali Kolcu, \u0130l Jandarma Komutan\u0131 K\u0131demli Albay Fahri Semiz, Orman \u0130\u015fletme M\u00fcd\u00fcr\u00fc Mustafa Da\u011f\u0131stanl\u0131, \u0130l AFAD M\u00fcd\u00fcr\u00fc Burak Edin, \u0130l Sa\u011fl\u0131k M\u00fcd\u00fcr\u00fc Uzm. Dr. Hasan Mollah\u00fcseyino\u011flu, Do\u011fa Koruma ve Milli Parklar 5. B\u00f6lge M\u00fcd\u00fcr\u00fc H\u00fcseyin Tekin ve 112 Acil \u00c7a\u011fr\u0131 Merkezi M\u00fcd\u00fcr\u00fc Mustafa Erkan kat\u0131ld\u0131.<br \/>\n<br \/>Toplant\u0131da hizmetlerin etkin, verimli ve h\u0131zl\u0131 bir \u015fekilde sunulmas\u0131, ilgili birimler aras\u0131nda i\u015fbirli\u011fi ve koordinasyonun sa\u011fl\u0131kl\u0131 bir \u015fekilde s\u00fcrd\u00fcr\u00fclmesinin de\u011ferlendirilmesinde bulunuldu.<br \/><\/p>\n","protected":false},"excerpt":{"rendered":"<p>U\u015fak Valisi Naci Akta\u015f ba\u015fkanl\u0131\u011f\u0131nda 112 Acil \u00c7a\u011fr\u0131 Hizmetleri \u0130l Koordinasyon Komisyonu Toplant\u0131s\u0131 ger\u00e7ekle\u015ftirildi. 112 Acil \u00c7a\u011fr\u0131 Merkezi M\u00fcd\u00fcrl\u00fc\u011f\u00fc i\u00e7eresinde bulunan G\u00fcvenlik ve Acil Durumlar Koordinasyon Merkezi (GAMER) toplant\u0131 sonunda ger\u00e7ekle\u015fen 112 Acil \u00c7a\u011fr\u0131 Hizmetleri \u0130l Koordinasyon Komisyonu Toplant\u0131s\u0131 U\u015fak Valisi Naci Akta\u015f ba\u015fkal\u0131\u011f\u0131nda ger\u00e7ekle\u015ftirildi. Toplant\u0131ya Vali Akta\u015f\u2019\u0131n yan\u0131 s\u0131ra, Vali Yard\u0131mc\u0131s\u0131 \u00d6nder Can, U\u015fak&#8230;<\/p>\n","protected":false},"author":1,"featured_media":21384,"comment_status":"open","ping_status":"open","sticky":false,"template":"","format":"standard","meta":{"_crdt_document":"","footnotes":""},"categories":[5],"tags":[],"class_list":["post-21383","post","type-post","status-publish","format-standard","has-post-thumbnail","hentry","category-asayis"],"_links":{"self":[{"href":"https:\/\/www.egemtv.com\/index.php?rest_route=\/wp\/v2\/posts\/21383","targetHints":{"allow":["GET"]}}],"collection":[{"href":"https:\/\/www.egemtv.com\/index.php?rest_route=\/wp\/v2\/posts"}],"about":[{"href":"https:\/\/www.egemtv.com\/index.php?rest_route=\/wp\/v2\/types\/post"}],"author":[{"embeddable":true,"href":"https:\/\/www.egemtv.com\/index.php?rest_route=\/wp\/v2\/users\/1"}],"replies":[{"embeddable":true,"href":"https:\/\/www.egemtv.com\/index.php?rest_route=%2Fwp%2Fv2%2Fcomments&post=21383"}],"version-history":[{"count":1,"href":"https:\/\/www.egemtv.com\/index.php?rest_route=\/wp\/v2\/posts\/21383\/revisions"}],"predecessor-version":[{"id":21385,"href":"https:\/\/www.egemtv.com\/index.php?rest_route=\/wp\/v2\/posts\/21383\/revisions\/21385"}],"wp:featuredmedia":[{"embeddable":true,"href":"https:\/\/www.egemtv.com\/index.php?rest_route=\/wp\/v2\/media\/21384"}],"wp:attachment":[{"href":"https:\/\/www.egemtv.com\/index.php?rest_route=%2Fwp%2Fv2%2Fmedia&parent=21383"}],"wp:term":[{"taxonomy":"category","embeddable":true,"href":"https:\/\/www.egemtv.com\/index.php?rest_route=%2Fwp%2Fv2%2Fcategories&post=21383"},{"taxonomy":"post_tag","embeddable":true,"href":"https:\/\/www.egemtv.com\/index.php?rest_route=%2Fwp%2Fv2%2Ftags&post=21383"}],"curies":[{"name":"wp","href":"https:\/\/api.w.org\/{rel}","templated":true}]}}