{"id":21380,"date":"2025-02-21T14:12:37","date_gmt":"2025-02-21T11:12:37","guid":{"rendered":"https:\/\/www.egemtv.com\/?p=21380"},"modified":"2025-02-21T14:12:42","modified_gmt":"2025-02-21T11:12:42","slug":"merkezefendi-belediyesi-alzheimer-icin-beslenme-ve-muzik-terapisi-programi-duzenleniyor","status":"publish","type":"post","link":"https:\/\/www.egemtv.com\/?p=21380","title":{"rendered":"Merkezefendi Belediyesi Alzheimer i\u00e7in beslenme ve m\u00fczik terapisi program\u0131 d\u00fczenleniyor"},"content":{"rendered":"<p>Merkezefendi Belediyesi\u2019nce \u2018Alzheimer Beslenme ve M\u00fczik Terapisi\u2019 program\u0131 d\u00fczenlenecek.<br \/>\n<br \/>Merkezefendi Belediyesi, Alzheimer hastas\u0131 vatanda\u015flar\u0131n ve ailelerinin ya\u015fam\u0131n\u0131 kolayla\u015ft\u0131rmak, sosyal hayata kat\u0131l\u0131m\u0131n\u0131 desteklemek amac\u0131yla \u00e7al\u0131\u015fmalar\u0131na devam ediyor. Uluslararas\u0131 Lions Dernekleri 118-R Y\u00f6netim \u00c7evresi Federasyonu Alzheimer Koordinat\u00f6rl\u00fc\u011f\u00fc\u2019nce d\u00fczenlenen \u2018Alzheimer Beslenme ve M\u00fczik Terapisi\u2019 program\u0131, 22 \u015eubat Cumartesi g\u00fcn\u00fc Merkezefendi K\u00fclt\u00fcr Merkezi\u2019nde ger\u00e7ekle\u015ftirilecek. Saat 14.00\u2019te ba\u015flayacak etkinlik, t\u00fcm vatanda\u015flar\u0131n kat\u0131l\u0131m\u0131na a\u00e7\u0131k olacak. Program kapsam\u0131nda, Alzheimer hastal\u0131\u011f\u0131nda beslenmenin \u00f6nemi ve m\u00fczik terapisinin sa\u011flad\u0131\u011f\u0131 faydalar\u0131; T\u00fcrkiye Alzheimer Derne\u011fi \u0130zmir Onursal Ba\u015fkan\u0131 N\u00f6roloji Uzman\u0131 Dr. Aysel G\u00fcrsoy, N\u00f6roloji Uzman\u0131 Dr. Melih Vural ve M\u00fczik Terapi Uyarlay\u0131c\u0131s\u0131 \u00c7i\u011fdem Sabuncuo\u011flu taraf\u0131ndan ele al\u0131nacak. Etkinlikte, kat\u0131l\u0131mc\u0131lara hastal\u0131kla m\u00fccadelede destekleyici y\u00f6ntemler konusunda bilgi verilecek.<br \/><\/p>\n","protected":false},"excerpt":{"rendered":"<p>Merkezefendi Belediyesi\u2019nce \u2018Alzheimer Beslenme ve M\u00fczik Terapisi\u2019 program\u0131 d\u00fczenlenecek. Merkezefendi Belediyesi, Alzheimer hastas\u0131 vatanda\u015flar\u0131n ve ailelerinin ya\u015fam\u0131n\u0131 kolayla\u015ft\u0131rmak, sosyal hayata kat\u0131l\u0131m\u0131n\u0131 desteklemek amac\u0131yla \u00e7al\u0131\u015fmalar\u0131na devam ediyor. Uluslararas\u0131 Lions Dernekleri 118-R Y\u00f6netim \u00c7evresi Federasyonu Alzheimer Koordinat\u00f6rl\u00fc\u011f\u00fc\u2019nce d\u00fczenlenen \u2018Alzheimer Beslenme ve M\u00fczik Terapisi\u2019 program\u0131, 22 \u015eubat Cumartesi g\u00fcn\u00fc Merkezefendi K\u00fclt\u00fcr Merkezi\u2019nde ger\u00e7ekle\u015ftirilecek. Saat 14.00\u2019te ba\u015flayacak etkinlik, t\u00fcm&#8230;<\/p>\n","protected":false},"author":1,"featured_media":21381,"comment_status":"open","ping_status":"open","sticky":false,"template":"","format":"standard","meta":{"_crdt_document":"","footnotes":""},"categories":[2],"tags":[],"class_list":["post-21380","post","type-post","status-publish","format-standard","has-post-thumbnail","hentry","category-saglik"],"_links":{"self":[{"href":"https:\/\/www.egemtv.com\/index.php?rest_route=\/wp\/v2\/posts\/21380","targetHints":{"allow":["GET"]}}],"collection":[{"href":"https:\/\/www.egemtv.com\/index.php?rest_route=\/wp\/v2\/posts"}],"about":[{"href":"https:\/\/www.egemtv.com\/index.php?rest_route=\/wp\/v2\/types\/post"}],"author":[{"embeddable":true,"href":"https:\/\/www.egemtv.com\/index.php?rest_route=\/wp\/v2\/users\/1"}],"replies":[{"embeddable":true,"href":"https:\/\/www.egemtv.com\/index.php?rest_route=%2Fwp%2Fv2%2Fcomments&post=21380"}],"version-history":[{"count":1,"href":"https:\/\/www.egemtv.com\/index.php?rest_route=\/wp\/v2\/posts\/21380\/revisions"}],"predecessor-version":[{"id":21382,"href":"https:\/\/www.egemtv.com\/index.php?rest_route=\/wp\/v2\/posts\/21380\/revisions\/21382"}],"wp:featuredmedia":[{"embeddable":true,"href":"https:\/\/www.egemtv.com\/index.php?rest_route=\/wp\/v2\/media\/21381"}],"wp:attachment":[{"href":"https:\/\/www.egemtv.com\/index.php?rest_route=%2Fwp%2Fv2%2Fmedia&parent=21380"}],"wp:term":[{"taxonomy":"category","embeddable":true,"href":"https:\/\/www.egemtv.com\/index.php?rest_route=%2Fwp%2Fv2%2Fcategories&post=21380"},{"taxonomy":"post_tag","embeddable":true,"href":"https:\/\/www.egemtv.com\/index.php?rest_route=%2Fwp%2Fv2%2Ftags&post=21380"}],"curies":[{"name":"wp","href":"https:\/\/api.w.org\/{rel}","templated":true}]}}