{"id":21374,"date":"2025-02-21T14:04:20","date_gmt":"2025-02-21T11:04:20","guid":{"rendered":"https:\/\/www.egemtv.com\/?p=21374"},"modified":"2025-02-21T14:04:25","modified_gmt":"2025-02-21T11:04:25","slug":"kimlik-yenileme-islemi-icin-vatandasin-evine-gittiler","status":"publish","type":"post","link":"https:\/\/www.egemtv.com\/?p=21374","title":{"rendered":"Kimlik yenileme i\u015flemi i\u00e7in vatanda\u015f\u0131n evine gittiler"},"content":{"rendered":"<p>Afyonkarahisar\u2019\u0131n Bayat il\u00e7esinde kimlik kartlar\u0131n\u0131 yenileyemeyen hasta ve bak\u0131ma muhta\u00e7 vatanda\u015flar i\u00e7in kaymakaml\u0131k harekete ge\u00e7ti.<br \/>\n<br \/>Bayat Kaymakaml\u0131\u011f\u0131\u2019ndan yap\u0131lan a\u00e7\u0131klamada, yenileme i\u015fleminin \u0130l\u00e7e N\u00fcfus ve Vatanda\u015fl\u0131k \u0130\u015fleri M\u00fcd\u00fcrl\u00fc\u011f\u00fc taraf\u0131ndan yap\u0131ld\u0131\u011f\u0131 kaydedildi. A\u00e7\u0131klamada, &#8220;Bayat Kaymakaml\u0131\u011f\u0131 \u0130l\u00e7e N\u00fcfus M\u00fcd\u00fcrl\u00fc\u011f\u00fcm\u00fcz kuruma gelme imkan\u0131n olmayan vatanda\u015flar\u0131m\u0131za y\u00f6nelik, bug\u00fcn Derbent k\u00f6y\u00fcnde vatanda\u015f\u0131m\u0131z\u0131n kimlik ba\u015fvurusunu ikametgah\u0131nda ald\u0131lar&#8221; ifadelerine yer verildi.<br \/><\/p>\n","protected":false},"excerpt":{"rendered":"<p>Afyonkarahisar\u2019\u0131n Bayat il\u00e7esinde kimlik kartlar\u0131n\u0131 yenileyemeyen hasta ve bak\u0131ma muhta\u00e7 vatanda\u015flar i\u00e7in kaymakaml\u0131k harekete ge\u00e7ti. Bayat Kaymakaml\u0131\u011f\u0131\u2019ndan yap\u0131lan a\u00e7\u0131klamada, yenileme i\u015fleminin \u0130l\u00e7e N\u00fcfus ve Vatanda\u015fl\u0131k \u0130\u015fleri M\u00fcd\u00fcrl\u00fc\u011f\u00fc taraf\u0131ndan yap\u0131ld\u0131\u011f\u0131 kaydedildi. A\u00e7\u0131klamada, &#8220;Bayat Kaymakaml\u0131\u011f\u0131 \u0130l\u00e7e N\u00fcfus M\u00fcd\u00fcrl\u00fc\u011f\u00fcm\u00fcz kuruma gelme imkan\u0131n olmayan vatanda\u015flar\u0131m\u0131za y\u00f6nelik, bug\u00fcn Derbent k\u00f6y\u00fcnde vatanda\u015f\u0131m\u0131z\u0131n kimlik ba\u015fvurusunu ikametgah\u0131nda ald\u0131lar&#8221; ifadelerine yer verildi.<\/p>\n","protected":false},"author":1,"featured_media":21375,"comment_status":"open","ping_status":"open","sticky":false,"template":"","format":"standard","meta":{"_crdt_document":"","footnotes":""},"categories":[1],"tags":[],"class_list":["post-21374","post","type-post","status-publish","format-standard","has-post-thumbnail","hentry","category-guncel"],"_links":{"self":[{"href":"https:\/\/www.egemtv.com\/index.php?rest_route=\/wp\/v2\/posts\/21374","targetHints":{"allow":["GET"]}}],"collection":[{"href":"https:\/\/www.egemtv.com\/index.php?rest_route=\/wp\/v2\/posts"}],"about":[{"href":"https:\/\/www.egemtv.com\/index.php?rest_route=\/wp\/v2\/types\/post"}],"author":[{"embeddable":true,"href":"https:\/\/www.egemtv.com\/index.php?rest_route=\/wp\/v2\/users\/1"}],"replies":[{"embeddable":true,"href":"https:\/\/www.egemtv.com\/index.php?rest_route=%2Fwp%2Fv2%2Fcomments&post=21374"}],"version-history":[{"count":1,"href":"https:\/\/www.egemtv.com\/index.php?rest_route=\/wp\/v2\/posts\/21374\/revisions"}],"predecessor-version":[{"id":21376,"href":"https:\/\/www.egemtv.com\/index.php?rest_route=\/wp\/v2\/posts\/21374\/revisions\/21376"}],"wp:featuredmedia":[{"embeddable":true,"href":"https:\/\/www.egemtv.com\/index.php?rest_route=\/wp\/v2\/media\/21375"}],"wp:attachment":[{"href":"https:\/\/www.egemtv.com\/index.php?rest_route=%2Fwp%2Fv2%2Fmedia&parent=21374"}],"wp:term":[{"taxonomy":"category","embeddable":true,"href":"https:\/\/www.egemtv.com\/index.php?rest_route=%2Fwp%2Fv2%2Fcategories&post=21374"},{"taxonomy":"post_tag","embeddable":true,"href":"https:\/\/www.egemtv.com\/index.php?rest_route=%2Fwp%2Fv2%2Ftags&post=21374"}],"curies":[{"name":"wp","href":"https:\/\/api.w.org\/{rel}","templated":true}]}}