{"id":21371,"date":"2025-02-21T13:52:38","date_gmt":"2025-02-21T10:52:38","guid":{"rendered":"https:\/\/www.egemtv.com\/?p=21371"},"modified":"2025-02-21T13:52:43","modified_gmt":"2025-02-21T10:52:43","slug":"basantrenor-alper-hamurcu-play-off-yolunda-kritik-bir-mac","status":"publish","type":"post","link":"https:\/\/www.egemtv.com\/?p=21371","title":{"rendered":"Ba\u015fantren\u00f6r Alper Hamurcu: &#8220;Play-off yolunda kritik bir ma\u00e7&#8221;"},"content":{"rendered":"<p>Vodafone Sultanlar Ligi ekiplerinden Ayd\u0131n B\u00fcy\u00fck\u015fehir Belediyespor Ba\u015fantren\u00f6r\u00fc Alper Hamurcu, Aras Kargo ma\u00e7\u0131nda galibiyete odakland\u0131klar\u0131n\u0131 s\u00f6yleyerek, &#8220;Play-off yolunda kritik bir ma\u00e7. Bizim i\u00e7in zor bir m\u00fcsabaka olacak&#8221; dedi.<br \/>\n<br \/>Ayd\u0131n B\u00fcy\u00fck\u015fehir Belediyespor, Vodafone Sultanlar Ligi\u2019nin 22. haftas\u0131nda oynayaca\u011f\u0131 Aras Kargo ma\u00e7\u0131n\u0131n haz\u0131rl\u0131klar\u0131n\u0131 s\u00fcrd\u00fcrd\u00fc. Ege derbisi \u00f6ncesinde Ayd\u0131n B\u00fcy\u00fck\u015fehir Belediyespor Ba\u015fantren\u00f6r\u00fc Alper Hamurcu, tak\u0131m\u0131n son durumu ve kar\u015f\u0131la\u015fman\u0131n \u00f6nemi hakk\u0131nda de\u011ferlendirmelerde bulundu. Herhangi bir sakatl\u0131k problemlerinin olmad\u0131\u011f\u0131n\u0131 belirten Ba\u015fantren\u00f6r Alper Hamurcu, &#8220;\u00d6zellikle Galatasaray ma\u00e7\u0131 \u00f6ncesinde pas\u00f6r \u00e7apraz\u0131m\u0131z\u0131n ya\u015fad\u0131\u011f\u0131 sakatl\u0131k ve V.Bank kar\u015f\u0131la\u015fmas\u0131 \u00f6ncesi tak\u0131m i\u00e7erisindeki baz\u0131 hastal\u0131klar bizi etkilemi\u015fti. Ancak \u015fu anda tak\u0131m\u0131m\u0131zda herhangi bir sa\u011fl\u0131k sorunu bulunmuyor&#8221; dedi.<br \/>\n<br \/>Kar\u015f\u0131la\u015fman\u0131n play-off hedefi a\u00e7\u0131s\u0131ndan b\u00fcy\u00fck \u00f6nem ta\u015f\u0131d\u0131\u011f\u0131n\u0131 vurgulayan Hamurcu, &#8220;Haz\u0131rl\u0131klar\u0131m\u0131z yo\u011fun \u015fekilde devam ediyor. Aras Kargo, \u00f6zellikle son haftalarda sergiledi\u011fi performansla ligin en formda tak\u0131mlar\u0131ndan biri. Fenerbah\u00e7e kar\u015f\u0131s\u0131ndaki m\u00fccadeleleri de bunu g\u00f6sterdi. \u00c7ok kaliteli oyunculara ve tecr\u00fcbeli antren\u00f6rlere sahipler. Bizim i\u00e7in zor bir ma\u00e7 olacak&#8221; ifadelerini kulland\u0131.<br \/>\n<br \/>Ma\u00e7ta savunma organizasyonlar\u0131n\u0131n b\u00fcy\u00fck \u00f6nem ta\u015f\u0131yaca\u011f\u0131n\u0131 da dile getiren deneyimli \u00e7al\u0131\u015ft\u0131r\u0131c\u0131, &#8220;\u00d6zellikle blok ve defans organizasyonumuzu en iyi \u015fekilde sahaya yans\u0131tmal\u0131y\u0131z. T\u00fcm haz\u0131rl\u0131klar\u0131m\u0131z\u0131 tamamlayarak galibiyetle ayr\u0131lmay\u0131 hedefliyoruz. T\u00fcm Ayd\u0131nl\u0131 voleybolseverleri, bu \u00f6nemli ma\u00e7ta bizleri desteklemeye davet ediyoruz&#8221; diye konu\u015ftu.<br \/><\/p>\n","protected":false},"excerpt":{"rendered":"<p>Vodafone Sultanlar Ligi ekiplerinden Ayd\u0131n B\u00fcy\u00fck\u015fehir Belediyespor Ba\u015fantren\u00f6r\u00fc Alper Hamurcu, Aras Kargo ma\u00e7\u0131nda galibiyete odakland\u0131klar\u0131n\u0131 s\u00f6yleyerek, &#8220;Play-off yolunda kritik bir ma\u00e7. Bizim i\u00e7in zor bir m\u00fcsabaka olacak&#8221; dedi. Ayd\u0131n B\u00fcy\u00fck\u015fehir Belediyespor, Vodafone Sultanlar Ligi\u2019nin 22. haftas\u0131nda oynayaca\u011f\u0131 Aras Kargo ma\u00e7\u0131n\u0131n haz\u0131rl\u0131klar\u0131n\u0131 s\u00fcrd\u00fcrd\u00fc. Ege derbisi \u00f6ncesinde Ayd\u0131n B\u00fcy\u00fck\u015fehir Belediyespor Ba\u015fantren\u00f6r\u00fc Alper Hamurcu, tak\u0131m\u0131n son durumu ve&#8230;<\/p>\n","protected":false},"author":1,"featured_media":21372,"comment_status":"open","ping_status":"open","sticky":false,"template":"","format":"standard","meta":{"_crdt_document":"","footnotes":""},"categories":[4],"tags":[],"class_list":["post-21371","post","type-post","status-publish","format-standard","has-post-thumbnail","hentry","category-spor"],"_links":{"self":[{"href":"https:\/\/www.egemtv.com\/index.php?rest_route=\/wp\/v2\/posts\/21371","targetHints":{"allow":["GET"]}}],"collection":[{"href":"https:\/\/www.egemtv.com\/index.php?rest_route=\/wp\/v2\/posts"}],"about":[{"href":"https:\/\/www.egemtv.com\/index.php?rest_route=\/wp\/v2\/types\/post"}],"author":[{"embeddable":true,"href":"https:\/\/www.egemtv.com\/index.php?rest_route=\/wp\/v2\/users\/1"}],"replies":[{"embeddable":true,"href":"https:\/\/www.egemtv.com\/index.php?rest_route=%2Fwp%2Fv2%2Fcomments&post=21371"}],"version-history":[{"count":1,"href":"https:\/\/www.egemtv.com\/index.php?rest_route=\/wp\/v2\/posts\/21371\/revisions"}],"predecessor-version":[{"id":21373,"href":"https:\/\/www.egemtv.com\/index.php?rest_route=\/wp\/v2\/posts\/21371\/revisions\/21373"}],"wp:featuredmedia":[{"embeddable":true,"href":"https:\/\/www.egemtv.com\/index.php?rest_route=\/wp\/v2\/media\/21372"}],"wp:attachment":[{"href":"https:\/\/www.egemtv.com\/index.php?rest_route=%2Fwp%2Fv2%2Fmedia&parent=21371"}],"wp:term":[{"taxonomy":"category","embeddable":true,"href":"https:\/\/www.egemtv.com\/index.php?rest_route=%2Fwp%2Fv2%2Fcategories&post=21371"},{"taxonomy":"post_tag","embeddable":true,"href":"https:\/\/www.egemtv.com\/index.php?rest_route=%2Fwp%2Fv2%2Ftags&post=21371"}],"curies":[{"name":"wp","href":"https:\/\/api.w.org\/{rel}","templated":true}]}}