{"id":21365,"date":"2025-02-21T13:33:44","date_gmt":"2025-02-21T10:33:44","guid":{"rendered":"https:\/\/www.egemtv.com\/?p=21365"},"modified":"2025-02-21T13:33:49","modified_gmt":"2025-02-21T10:33:49","slug":"mentesede-buyukbas-hayvanlar-icin-sap-asilama-calismalari-devam-ediyor","status":"publish","type":"post","link":"https:\/\/www.egemtv.com\/?p=21365","title":{"rendered":"Mente\u015fe\u2019de b\u00fcy\u00fckba\u015f hayvanlar i\u00e7in \u015fap a\u015f\u0131lama \u00e7al\u0131\u015fmalar\u0131 devam ediyor"},"content":{"rendered":"<p>Mente\u015fe \u0130l\u00e7e Tar\u0131m ve Orman M\u00fcd\u00fcrl\u00fc\u011f\u00fc taraf\u0131ndan Mente\u015fe il\u00e7esine ba\u011fl\u0131 k\u0131rsal mahallelerde b\u00fcy\u00fckba\u015f hayvanlara y\u00f6nelik \u015fap a\u015f\u0131lama \u00e7al\u0131\u015fmalar\u0131 aral\u0131ks\u0131z devam ediyor. Hayvan sa\u011fl\u0131\u011f\u0131n\u0131 koruma ve bula\u015f\u0131c\u0131 hastal\u0131klar\u0131 \u00f6nleme amac\u0131yla y\u00fcr\u00fct\u00fclen a\u015f\u0131lama kampanyas\u0131, b\u00f6lgedeki \u00e7ift\u00e7ilerin ve hayvanc\u0131l\u0131kla u\u011fra\u015fan vatanda\u015flar\u0131n b\u00fcy\u00fck ilgisini g\u00f6r\u00fcyor.<\/p>\n<p>&#8220;K\u0131rsal Mahallelerde yo\u011fun a\u015f\u0131lama \u00e7al\u0131\u015fmas\u0131&#8221;<br \/>\n<br \/>Mente\u015fe \u0130l\u00e7e Tar\u0131m ve Orman M\u00fcd\u00fcrl\u00fc\u011f\u00fc ekipleri, k\u0131rsal mahallelerde belirlenen program \u00e7er\u00e7evesinde b\u00fcy\u00fckba\u015f hayvanlara \u015fap a\u015f\u0131s\u0131 uyguluyor. A\u015f\u0131lama program\u0131 kapsam\u0131nda veteriner hekimler ve saha ekipleri, \u00e7ift\u00e7ileri \u015fap hastal\u0131\u011f\u0131n\u0131n \u00f6nemi ve korunma y\u00f6ntemleri hakk\u0131nda bilgilendirirken, hastal\u0131kla m\u00fccadelede dikkat edilmesi gereken noktalar\u0131 da payla\u015f\u0131yor.<\/p>\n<p>&#8220;Hayvan sa\u011fl\u0131\u011f\u0131 ve ekonomik kay\u0131plar\u0131n \u00f6nlenmesi i\u00e7in kritik \u00f6neme sahip&#8221;<br \/>\n<br \/>Yetkililer, \u015fap hastal\u0131\u011f\u0131na kar\u015f\u0131 a\u015f\u0131lama \u00e7al\u0131\u015fmalar\u0131n\u0131n d\u00fczenli olarak yap\u0131lmas\u0131n\u0131n b\u00fcy\u00fckba\u015f hayvanc\u0131l\u0131k sekt\u00f6r\u00fcn\u00fcn s\u00fcrd\u00fcr\u00fclebilirli\u011fi a\u00e7\u0131s\u0131ndan kritik \u00f6neme sahip oldu\u011funu belirtiyor.<\/p>\n<p>Mente\u015fe\u2019deki a\u015f\u0131lama \u00e7al\u0131\u015fmalar\u0131n\u0131n belirlenen program dahilinde \u00f6n\u00fcm\u00fczdeki g\u00fcnlerde de devam edece\u011fi bildirilirken, b\u00f6lgedeki hayvan yeti\u015ftiricileri de uygulamadan duyduklar\u0131 memnuniyeti dile getirdi.<br \/><\/p>\n","protected":false},"excerpt":{"rendered":"<p>Mente\u015fe \u0130l\u00e7e Tar\u0131m ve Orman M\u00fcd\u00fcrl\u00fc\u011f\u00fc taraf\u0131ndan Mente\u015fe il\u00e7esine ba\u011fl\u0131 k\u0131rsal mahallelerde b\u00fcy\u00fckba\u015f hayvanlara y\u00f6nelik \u015fap a\u015f\u0131lama \u00e7al\u0131\u015fmalar\u0131 aral\u0131ks\u0131z devam ediyor. Hayvan sa\u011fl\u0131\u011f\u0131n\u0131 koruma ve bula\u015f\u0131c\u0131 hastal\u0131klar\u0131 \u00f6nleme amac\u0131yla y\u00fcr\u00fct\u00fclen a\u015f\u0131lama kampanyas\u0131, b\u00f6lgedeki \u00e7ift\u00e7ilerin ve hayvanc\u0131l\u0131kla u\u011fra\u015fan vatanda\u015flar\u0131n b\u00fcy\u00fck ilgisini g\u00f6r\u00fcyor. &#8220;K\u0131rsal Mahallelerde yo\u011fun a\u015f\u0131lama \u00e7al\u0131\u015fmas\u0131&#8221; Mente\u015fe \u0130l\u00e7e Tar\u0131m ve Orman M\u00fcd\u00fcrl\u00fc\u011f\u00fc ekipleri, k\u0131rsal mahallelerde&#8230;<\/p>\n","protected":false},"author":1,"featured_media":21366,"comment_status":"open","ping_status":"open","sticky":false,"template":"","format":"standard","meta":{"_crdt_document":"","footnotes":""},"categories":[1],"tags":[],"class_list":["post-21365","post","type-post","status-publish","format-standard","has-post-thumbnail","hentry","category-guncel"],"_links":{"self":[{"href":"https:\/\/www.egemtv.com\/index.php?rest_route=\/wp\/v2\/posts\/21365","targetHints":{"allow":["GET"]}}],"collection":[{"href":"https:\/\/www.egemtv.com\/index.php?rest_route=\/wp\/v2\/posts"}],"about":[{"href":"https:\/\/www.egemtv.com\/index.php?rest_route=\/wp\/v2\/types\/post"}],"author":[{"embeddable":true,"href":"https:\/\/www.egemtv.com\/index.php?rest_route=\/wp\/v2\/users\/1"}],"replies":[{"embeddable":true,"href":"https:\/\/www.egemtv.com\/index.php?rest_route=%2Fwp%2Fv2%2Fcomments&post=21365"}],"version-history":[{"count":1,"href":"https:\/\/www.egemtv.com\/index.php?rest_route=\/wp\/v2\/posts\/21365\/revisions"}],"predecessor-version":[{"id":21368,"href":"https:\/\/www.egemtv.com\/index.php?rest_route=\/wp\/v2\/posts\/21365\/revisions\/21368"}],"wp:featuredmedia":[{"embeddable":true,"href":"https:\/\/www.egemtv.com\/index.php?rest_route=\/wp\/v2\/media\/21366"}],"wp:attachment":[{"href":"https:\/\/www.egemtv.com\/index.php?rest_route=%2Fwp%2Fv2%2Fmedia&parent=21365"}],"wp:term":[{"taxonomy":"category","embeddable":true,"href":"https:\/\/www.egemtv.com\/index.php?rest_route=%2Fwp%2Fv2%2Fcategories&post=21365"},{"taxonomy":"post_tag","embeddable":true,"href":"https:\/\/www.egemtv.com\/index.php?rest_route=%2Fwp%2Fv2%2Ftags&post=21365"}],"curies":[{"name":"wp","href":"https:\/\/api.w.org\/{rel}","templated":true}]}}