{"id":21354,"date":"2025-02-21T13:33:30","date_gmt":"2025-02-21T10:33:30","guid":{"rendered":"https:\/\/www.egemtv.com\/?p=21354"},"modified":"2025-02-21T13:33:43","modified_gmt":"2025-02-21T10:33:43","slug":"muglada-teknofest-tanitimlari-hiz-kesmeden-devam-ediyor","status":"publish","type":"post","link":"https:\/\/www.egemtv.com\/?p=21354","title":{"rendered":"Mu\u011fla\u2019da TEKNOFEST tan\u0131t\u0131mlar\u0131 h\u0131z kesmeden devam ediyor"},"content":{"rendered":"<p>Mu\u011fla Gen\u00e7lik ve Spor \u0130l M\u00fcd\u00fcrl\u00fc\u011f\u00fc b\u00fcnyesinde faaliyet g\u00f6steren Uluslararas\u0131 Gen\u00e7lik Merkezi Gen\u00e7lik \u00c7al\u0131\u015fanlar\u0131, Mu\u011fla genelinde okullarda TEKNOFEST tan\u0131t\u0131m \u00e7al\u0131\u015fmalar\u0131n\u0131 aral\u0131ks\u0131z s\u00fcrd\u00fcr\u00fcyor. Gen\u00e7lerin teknolojiye olan ilgisini art\u0131rmay\u0131 ama\u00e7layan bu etkinlikler, TEKNOFEST\u2019in sundu\u011fu f\u0131rsatlar hakk\u0131nda \u00f6\u011frencilere detayl\u0131 bilgiler vererek, onlar\u0131n teknoloji yar\u0131\u015fmalar\u0131na kat\u0131l\u0131m\u0131n\u0131 te\u015fvik etmeyi hedefliyor.<\/p>\n<p>2018 y\u0131l\u0131ndan bu yana d\u00fczenlenen TEKNOFEST Havac\u0131l\u0131k, Uzay ve Teknoloji Festivali, teknoloji yar\u0131\u015fmalar\u0131, hava g\u00f6sterileri, konserler, s\u00f6yle\u015filer ve \u00e7e\u015fitli etkinliklerle b\u00fcy\u00fck bir organizasyon olarak dikkat \u00e7ekiyor. Festival, T\u00fcrkiye\u2019nin teknoloji \u00fcreten ve geli\u015ftiren bir topluma d\u00f6n\u00fc\u015fmesine katk\u0131 sa\u011flarken, gen\u00e7leri bilim ve teknoloji alan\u0131nda yenilik\u00e7i projeler \u00fcretmeye te\u015fvik ediyor.<\/p>\n<p>&#8220;2025\u2019te \u0130stanbul\u2019da 52 ana kategori ve 118 alt kategoride yar\u0131\u015fmalar d\u00fczenlenecek&#8221;<br \/>\n<br \/>TEKNOFEST, her y\u0131l farkl\u0131 disiplinlerde d\u00fczenledi\u011fi teknoloji yar\u0131\u015fmalar\u0131yla gen\u00e7lerin hayallerini ger\u00e7ekle\u015ftirmesine imkan tan\u0131yor. 2025 y\u0131l\u0131nda \u0130stanbul\u2019da ger\u00e7ekle\u015ftirilecek festivalde, 52 ana kategori ve 118 alt kategoride yar\u0131\u015fmalar d\u00fczenlenecek. T\u00fcrkiye\u2019nin en b\u00fcy\u00fck \u00f6d\u00fcll\u00fc teknoloji yar\u0131\u015fmalar\u0131na ev sahipli\u011fi yapan TEKNOFEST, gen\u00e7lerin teknoloji alan\u0131nda kendilerini geli\u015ftirmeleri i\u00e7in \u00f6nemli bir platform sunmaya devam edecek.<br \/><\/p>\n","protected":false},"excerpt":{"rendered":"<p>Mu\u011fla Gen\u00e7lik ve Spor \u0130l M\u00fcd\u00fcrl\u00fc\u011f\u00fc b\u00fcnyesinde faaliyet g\u00f6steren Uluslararas\u0131 Gen\u00e7lik Merkezi Gen\u00e7lik \u00c7al\u0131\u015fanlar\u0131, Mu\u011fla genelinde okullarda TEKNOFEST tan\u0131t\u0131m \u00e7al\u0131\u015fmalar\u0131n\u0131 aral\u0131ks\u0131z s\u00fcrd\u00fcr\u00fcyor. Gen\u00e7lerin teknolojiye olan ilgisini art\u0131rmay\u0131 ama\u00e7layan bu etkinlikler, TEKNOFEST\u2019in sundu\u011fu f\u0131rsatlar hakk\u0131nda \u00f6\u011frencilere detayl\u0131 bilgiler vererek, onlar\u0131n teknoloji yar\u0131\u015fmalar\u0131na kat\u0131l\u0131m\u0131n\u0131 te\u015fvik etmeyi hedefliyor. 2018 y\u0131l\u0131ndan bu yana d\u00fczenlenen TEKNOFEST Havac\u0131l\u0131k, Uzay ve Teknoloji&#8230;<\/p>\n","protected":false},"author":1,"featured_media":21355,"comment_status":"open","ping_status":"open","sticky":false,"template":"","format":"standard","meta":{"_crdt_document":"","footnotes":""},"categories":[124],"tags":[],"class_list":["post-21354","post","type-post","status-publish","format-standard","has-post-thumbnail","hentry","category-bilim"],"_links":{"self":[{"href":"https:\/\/www.egemtv.com\/index.php?rest_route=\/wp\/v2\/posts\/21354","targetHints":{"allow":["GET"]}}],"collection":[{"href":"https:\/\/www.egemtv.com\/index.php?rest_route=\/wp\/v2\/posts"}],"about":[{"href":"https:\/\/www.egemtv.com\/index.php?rest_route=\/wp\/v2\/types\/post"}],"author":[{"embeddable":true,"href":"https:\/\/www.egemtv.com\/index.php?rest_route=\/wp\/v2\/users\/1"}],"replies":[{"embeddable":true,"href":"https:\/\/www.egemtv.com\/index.php?rest_route=%2Fwp%2Fv2%2Fcomments&post=21354"}],"version-history":[{"count":1,"href":"https:\/\/www.egemtv.com\/index.php?rest_route=\/wp\/v2\/posts\/21354\/revisions"}],"predecessor-version":[{"id":21364,"href":"https:\/\/www.egemtv.com\/index.php?rest_route=\/wp\/v2\/posts\/21354\/revisions\/21364"}],"wp:featuredmedia":[{"embeddable":true,"href":"https:\/\/www.egemtv.com\/index.php?rest_route=\/wp\/v2\/media\/21355"}],"wp:attachment":[{"href":"https:\/\/www.egemtv.com\/index.php?rest_route=%2Fwp%2Fv2%2Fmedia&parent=21354"}],"wp:term":[{"taxonomy":"category","embeddable":true,"href":"https:\/\/www.egemtv.com\/index.php?rest_route=%2Fwp%2Fv2%2Fcategories&post=21354"},{"taxonomy":"post_tag","embeddable":true,"href":"https:\/\/www.egemtv.com\/index.php?rest_route=%2Fwp%2Fv2%2Ftags&post=21354"}],"curies":[{"name":"wp","href":"https:\/\/api.w.org\/{rel}","templated":true}]}}