{"id":21345,"date":"2025-02-21T13:33:21","date_gmt":"2025-02-21T10:33:21","guid":{"rendered":"https:\/\/www.egemtv.com\/?p=21345"},"modified":"2025-02-21T13:33:30","modified_gmt":"2025-02-21T10:33:30","slug":"baskan-gencaydan-evi-yanan-aileye-yardim-eli","status":"publish","type":"post","link":"https:\/\/www.egemtv.com\/?p=21345","title":{"rendered":"Ba\u015fkan Gen\u00e7ay\u2019dan evi yanan aileye yard\u0131m eli"},"content":{"rendered":"<p>Didim Akk\u00f6y Mahallesi\u2019nde meydana gelen yang\u0131nda evi zarar g\u00f6ren aileye Didim Belediye Ba\u015fkan\u0131 Hatice Gen\u00e7ay destek oldu.<\/p>\n<p>Didim Belediye Ba\u015fkan\u0131 Hatice Gen\u00e7ay, ge\u00e7ti\u011fimiz g\u00fcnlerde Akk\u00f6y Mahallesi\u2019nde meydana gelen yang\u0131nda zarar g\u00f6ren evde incelemelerde bulundu. \u0130ncelemelerin ard\u0131ndan evi yanan aileyi ziyaret eden Ba\u015fkan Gen\u00e7ay, aileye ge\u00e7mi\u015f olsun dileklerini iletti. Ma\u011fduriyetin giderilmesi i\u00e7in her t\u00fcrl\u00fc deste\u011fi sa\u011flayacaklar\u0131m\u0131 belirten Ba\u015fkan Gen\u00e7ay, &#8220;Akk\u00f6y Mahallemizde meydana gelen yang\u0131n sonras\u0131 evi zarar g\u00f6ren hem\u015fehrilerimizi ziyaret ederek ge\u00e7mi\u015f olsun dileklerimizi ilettik. Ya\u015fanan ma\u011fduriyetin giderilmesi i\u00e7in her t\u00fcrl\u00fc deste\u011fi sa\u011flayaca\u011f\u0131z. Dayan\u0131\u015fma ve birlik i\u00e7inde bu zor g\u00fcnleri birlikte a\u015faca\u011f\u0131z&#8221; dedi.<br \/><\/p>\n","protected":false},"excerpt":{"rendered":"<p>Didim Akk\u00f6y Mahallesi\u2019nde meydana gelen yang\u0131nda evi zarar g\u00f6ren aileye Didim Belediye Ba\u015fkan\u0131 Hatice Gen\u00e7ay destek oldu. Didim Belediye Ba\u015fkan\u0131 Hatice Gen\u00e7ay, ge\u00e7ti\u011fimiz g\u00fcnlerde Akk\u00f6y Mahallesi\u2019nde meydana gelen yang\u0131nda zarar g\u00f6ren evde incelemelerde bulundu. \u0130ncelemelerin ard\u0131ndan evi yanan aileyi ziyaret eden Ba\u015fkan Gen\u00e7ay, aileye ge\u00e7mi\u015f olsun dileklerini iletti. Ma\u011fduriyetin giderilmesi i\u00e7in her t\u00fcrl\u00fc deste\u011fi sa\u011flayacaklar\u0131m\u0131&#8230;<\/p>\n","protected":false},"author":1,"featured_media":21346,"comment_status":"open","ping_status":"open","sticky":false,"template":"","format":"standard","meta":{"_crdt_document":"","footnotes":""},"categories":[1],"tags":[],"class_list":["post-21345","post","type-post","status-publish","format-standard","has-post-thumbnail","hentry","category-guncel"],"_links":{"self":[{"href":"https:\/\/www.egemtv.com\/index.php?rest_route=\/wp\/v2\/posts\/21345","targetHints":{"allow":["GET"]}}],"collection":[{"href":"https:\/\/www.egemtv.com\/index.php?rest_route=\/wp\/v2\/posts"}],"about":[{"href":"https:\/\/www.egemtv.com\/index.php?rest_route=\/wp\/v2\/types\/post"}],"author":[{"embeddable":true,"href":"https:\/\/www.egemtv.com\/index.php?rest_route=\/wp\/v2\/users\/1"}],"replies":[{"embeddable":true,"href":"https:\/\/www.egemtv.com\/index.php?rest_route=%2Fwp%2Fv2%2Fcomments&post=21345"}],"version-history":[{"count":1,"href":"https:\/\/www.egemtv.com\/index.php?rest_route=\/wp\/v2\/posts\/21345\/revisions"}],"predecessor-version":[{"id":21353,"href":"https:\/\/www.egemtv.com\/index.php?rest_route=\/wp\/v2\/posts\/21345\/revisions\/21353"}],"wp:featuredmedia":[{"embeddable":true,"href":"https:\/\/www.egemtv.com\/index.php?rest_route=\/wp\/v2\/media\/21346"}],"wp:attachment":[{"href":"https:\/\/www.egemtv.com\/index.php?rest_route=%2Fwp%2Fv2%2Fmedia&parent=21345"}],"wp:term":[{"taxonomy":"category","embeddable":true,"href":"https:\/\/www.egemtv.com\/index.php?rest_route=%2Fwp%2Fv2%2Fcategories&post=21345"},{"taxonomy":"post_tag","embeddable":true,"href":"https:\/\/www.egemtv.com\/index.php?rest_route=%2Fwp%2Fv2%2Ftags&post=21345"}],"curies":[{"name":"wp","href":"https:\/\/api.w.org\/{rel}","templated":true}]}}