{"id":21339,"date":"2025-02-21T13:33:17","date_gmt":"2025-02-21T10:33:17","guid":{"rendered":"https:\/\/www.egemtv.com\/?p=21339"},"modified":"2025-02-21T13:33:24","modified_gmt":"2025-02-21T10:33:24","slug":"kiyi-egede-deprem-gercegi-ve-afet-yonetimi-calistayi-basladi-2","status":"publish","type":"post","link":"https:\/\/www.egemtv.com\/?p=21339","title":{"rendered":"\u2018K\u0131y\u0131 Ege\u2019de Deprem Ger\u00e7e\u011fi ve Afet Y\u00f6netimi\u2019 \u00e7al\u0131\u015ftay\u0131 ba\u015flad\u0131"},"content":{"rendered":"<p>K\u0131y\u0131 Ege Belediyeler Birli\u011fi taraf\u0131ndan Mu\u011fla\u2019n\u0131n Marmaris il\u00e7esinde d\u00fczenlenen \u2018K\u0131y\u0131 Ege\u2019de Deprem Ger\u00e7e\u011fi ve Afet Y\u00f6netimi\u2019 \u00e7al\u0131\u015ftay\u0131 ba\u015flad\u0131. \u00dc\u00e7 g\u00fcn s\u00fcrecek olan \u00e7al\u0131\u015ftayda, alan\u0131nda yetkin jeologlar, m\u00fchendisler ve afet y\u00f6netimi uzmanlar\u0131, deprem ger\u00e7e\u011fi ve afetlere kar\u015f\u0131 al\u0131nmas\u0131 gereken \u00f6nlemler konusunda kat\u0131l\u0131mc\u0131lara bilgiler aktaracak.<\/p>\n<p>&#8220;Ka\u00e7ak yap\u0131lan her yap\u0131 kendimize yap\u0131lan bir mezard\u0131r&#8221;<br \/>\n<br \/>A\u00e7\u0131l\u0131\u015fta konu\u015fan Marmaris Belediye Ba\u015fkan\u0131 Acar \u00dcnl\u00fc, ka\u00e7ak yap\u0131lar ile ilgili vatanda\u015flar\u0131n bilin\u00e7lendirilmesi gerekti\u011fini, aksi taktirde, her ka\u00e7ak yap\u0131n\u0131n bir mezar oldu\u011funu s\u00f6yledi. Ba\u015fkan \u00dcnl\u00fc, &#8220;Konumuz \u00f6nemli ve ayn\u0131 zamanda stresli bir konu. Ancak stres bizi ayakta tutar, hayatta tutar. Stresten sonra ya\u015fanan rekabet ise bizi felakete g\u00f6t\u00fcrebilir. Bunu 1999 y\u0131l\u0131nda ya\u015fad\u0131\u011f\u0131m\u0131z depremden sonra hep birlikte g\u00f6rd\u00fck. Deprem sonras\u0131 \u00f6nlemler ve \u00e7al\u0131\u015fmalar, tekrar benzer felaketlerle kar\u015f\u0131la\u015fmamak i\u00e7in s\u00fcreklilik arz etmeli. Bug\u00fcn burada toplanmam\u0131z\u0131n sebebi de bu hareketlenmenin \u00fclkemiz g\u00fcndeminde \u00f6nemli bir yer tutmas\u0131d\u0131r. \u0130ki g\u00fcn boyunca \u00e7ok de\u011ferli hocalar\u0131m\u0131z bilgilerini bizimle payla\u015facaklar. Depremde yap\u0131lmas\u0131 gerekenler ve imal edilmesi gereken yap\u0131larla ilgili \u00e7ok de\u011ferli bilgiler alaca\u011f\u0131z. Ben yerel bir y\u00f6netici olarak \u015funu s\u00f6yleyebilirim: Ka\u00e7ak yapt\u0131\u011f\u0131m\u0131z her yap\u0131n\u0131n asl\u0131nda kendimize yapt\u0131\u011f\u0131m\u0131z bir mezar oldu\u011funu bilmemiz gerekiyor. Ka\u00e7ak yap\u0131larla ilgili vatanda\u015flar\u0131m\u0131za, bu yap\u0131lar\u0131n muhtemel depremlerde hepimizi bir felakete s\u00fcr\u00fckleyece\u011fini hat\u0131rlatmam\u0131z gerekiyor. \u0130mar yapmam\u0131z laz\u0131m, ama imar\u0131 ba\u015f\u0131bo\u015f b\u0131rakmamam\u0131z gerekiyor. Yapt\u0131\u011f\u0131m\u0131z imar bar\u0131\u015flar\u0131ndan sonra bile ka\u00e7ak yap\u0131 art\u0131\u015f\u0131n\u0131n ne boyutlara geldi\u011fini hep birlikte ya\u015f\u0131yoruz. Marmaris b\u00f6lgesi bir deprem b\u00f6lgesi ve imar yap\u0131lmad\u0131k\u00e7a bu felaketlere zemin haz\u0131rl\u0131yoruz. Yetkililerin bu konuya dikkat etmesi ve \u00f6nemsemesi gerekiyor. \u0130mar yap\u0131lmayan her g\u00fcn burada daha fazla g\u00f6zya\u015f\u0131 demektir. Gelece\u011fe y\u00f6nelik olarak yeni yap\u0131lacak olan binalar\u0131 daha dikkatli kontrol etmemiz gerekiyor. M\u00fchendislerimize g\u00fcvenimiz tam, ancak kontrol g\u00fcvene engel de\u011fildir. Belediyelerimizde olu\u015fturaca\u011f\u0131m\u0131z birimlerin hakk\u0131yla \u00e7al\u0131\u015fmas\u0131 ve bu kontrollerin sa\u011fl\u0131kl\u0131 bir \u015fekilde yap\u0131lmas\u0131, gelecekte daha sa\u011flam yap\u0131lar olu\u015fturulmas\u0131n\u0131 sa\u011flayacakt\u0131r&#8221; s\u00f6zlerini ifade etti.<\/p>\n<p>&#8220;\u00dclkemizde afet bilinci yeterince geli\u015fmi\u015f de\u011fil&#8221;<br \/>\n<br \/>K\u0131y\u0131 Ege Belediyeler Birli\u011fi Ba\u015fkan\u0131 ve Mu\u011fla B\u00fcy\u00fck\u015fehir Belediye Ba\u015fkan\u0131 Ahmet Aras, &#8220;Bug\u00fcn burada \u00e7ok \u00f6nemli bir konu i\u00e7in bir araya geldik. T\u00fcrkiye bir deprem \u00fclkesi ve afetlerle y\u00fczle\u015fmek bizim ka\u00e7\u0131n\u0131lmaz bir ger\u00e7e\u011fimiz. Ge\u00e7mi\u015fte ya\u015fanan depremler, \u00f6zellikle Hatay ve Kahramanmara\u015f\u2019ta g\u00f6rd\u00fc\u011f\u00fcm\u00fcz y\u0131k\u0131m, bize afet y\u00f6netiminin ne kadar hayati oldu\u011funu bir kez daha g\u00f6sterdi. Sahada bulundu\u011fumuzda, m\u00fcdahale s\u00fcre\u00e7lerinde ya\u015fanan eksiklikleri, koordinasyon bozukluklar\u0131n\u0131 ve al\u0131nmas\u0131 gereken \u00f6nlemlerin yetersizli\u011fini bizzat g\u00f6zlemledik. Afet y\u00f6netimi, sadece yerel y\u00f6netimlerin ya da belediyelerin de\u011fil, merkezi h\u00fck\u00fcmetin, bilim insanlar\u0131n\u0131n, sivil toplum kurulu\u015flar\u0131n\u0131n, meslek odalar\u0131n\u0131n ve halk\u0131n ortak sorumlulu\u011funda olan bir mesele. Bu y\u00fczden, afetlere haz\u0131rl\u0131kl\u0131 olmal\u0131y\u0131z ve bu haz\u0131rl\u0131\u011f\u0131 sadece bir kurumun de\u011fil, t\u00fcm toplumun sahiplenmesi gerekiyor. Depreme kar\u015f\u0131 al\u0131nacak \u00f6nlemler, sadece kriz an\u0131nda de\u011fil, kriz \u00f6ncesinde ve sonras\u0131nda da b\u00fcy\u00fck bir titizlikle ele al\u0131nmal\u0131. \u00d6zellikle \u015fehirle\u015fme konusunda ciddi ad\u0131mlar atmal\u0131y\u0131z. Binalar\u0131m\u0131z\u0131 sa\u011flam in\u015fa etmeli, mevcut yap\u0131lar\u0131 g\u00fc\u00e7lendirmeli ve halk\u0131m\u0131z\u0131 bilin\u00e7lendirmeliyiz. Ne yaz\u0131k ki, \u00fclkemizde afet bilinci yeterince geli\u015fmi\u015f de\u011fil. Deprem an\u0131nda nas\u0131l hareket edilmesi gerekti\u011fini, sonras\u0131nda hangi ad\u0131mlar\u0131n at\u0131lmas\u0131 gerekti\u011fini bilen insan say\u0131s\u0131 hala yetersiz. \u0130\u015fte bu y\u00fczden e\u011fitim ve fark\u0131ndal\u0131k \u00e7al\u0131\u015fmalar\u0131na da b\u00fcy\u00fck \u00f6nem vermeliyiz.<\/p>\n<p>&#8220;Kurumlar aras\u0131 i\u015fbirli\u011fi \u015fart&#8221;<br \/>\n<br \/>Afetlerde kurumlar aras\u0131 i\u015fbirli\u011finin \u00f6nemine de\u011finen Mu\u011fla B\u00fcy\u00fck\u015fehir Belediye Ba\u015fkan\u0131 Aras, &#8220;Mu\u011fla olarak bizler, kendi b\u00f6lgemiz i\u00e7in \u00fczerimize d\u00fc\u015feni yapaca\u011f\u0131z. Ancak bu sorunun sadece yerel y\u00f6netimlerin \u00e7abalar\u0131yla \u00e7\u00f6z\u00fclmesi m\u00fcmk\u00fcn de\u011fil. Merkezi h\u00fck\u00fcmet, yerel y\u00f6netimler, akademisyenler ve sivil toplum kurulu\u015flar\u0131 aras\u0131nda daha g\u00fc\u00e7l\u00fc bir koordinasyon sa\u011flamal\u0131y\u0131z. Afetlere kar\u015f\u0131 ger\u00e7ekten etkili bir sistem kurabilmek i\u00e7in i\u015f birli\u011fi \u015fart. Unutmamal\u0131y\u0131z ki depremi engellemek bizim elimizde de\u011fil, ama ona kar\u015f\u0131 haz\u0131rl\u0131kl\u0131 olmak tamamen bizim sorumlulu\u011fumuzda. Bug\u00fcn burada yap\u0131lan bu \u00e7al\u0131\u015ftay\u0131n sonu\u00e7lar\u0131n\u0131n hepimize \u0131\u015f\u0131k tutaca\u011f\u0131na inan\u0131yorum. Hep birlikte hareket edersek, \u015fehirlerimizi daha g\u00fcvenli hale getirebilir ve afetlerin y\u0131k\u0131c\u0131 etkilerini en aza indirebiliriz&#8221; dedi.<\/p>\n<p>\u00c7al\u0131\u015ftay Mu\u011fla \u00e7evresinin jeoloji ve deprem selli\u011fi, deprem tehlike ve risk analizi, Mu\u011fla ili deprem master plan\u0131, depremde zemin yap\u0131 ili\u015fkisi ve kentle\u015fme politikalar\u0131 konular\u0131nda bilgilendirici s\u00f6yle\u015filer yap\u0131lacak.<br \/><\/p>\n","protected":false},"excerpt":{"rendered":"<p>K\u0131y\u0131 Ege Belediyeler Birli\u011fi taraf\u0131ndan Mu\u011fla\u2019n\u0131n Marmaris il\u00e7esinde d\u00fczenlenen \u2018K\u0131y\u0131 Ege\u2019de Deprem Ger\u00e7e\u011fi ve Afet Y\u00f6netimi\u2019 \u00e7al\u0131\u015ftay\u0131 ba\u015flad\u0131. \u00dc\u00e7 g\u00fcn s\u00fcrecek olan \u00e7al\u0131\u015ftayda, alan\u0131nda yetkin jeologlar, m\u00fchendisler ve afet y\u00f6netimi uzmanlar\u0131, deprem ger\u00e7e\u011fi ve afetlere kar\u015f\u0131 al\u0131nmas\u0131 gereken \u00f6nlemler konusunda kat\u0131l\u0131mc\u0131lara bilgiler aktaracak. &#8220;Ka\u00e7ak yap\u0131lan her yap\u0131 kendimize yap\u0131lan bir mezard\u0131r&#8221; A\u00e7\u0131l\u0131\u015fta konu\u015fan Marmaris Belediye&#8230;<\/p>\n","protected":false},"author":1,"featured_media":21340,"comment_status":"open","ping_status":"open","sticky":false,"template":"","format":"standard","meta":{"_crdt_document":"","footnotes":""},"categories":[1],"tags":[],"class_list":["post-21339","post","type-post","status-publish","format-standard","has-post-thumbnail","hentry","category-guncel"],"_links":{"self":[{"href":"https:\/\/www.egemtv.com\/index.php?rest_route=\/wp\/v2\/posts\/21339","targetHints":{"allow":["GET"]}}],"collection":[{"href":"https:\/\/www.egemtv.com\/index.php?rest_route=\/wp\/v2\/posts"}],"about":[{"href":"https:\/\/www.egemtv.com\/index.php?rest_route=\/wp\/v2\/types\/post"}],"author":[{"embeddable":true,"href":"https:\/\/www.egemtv.com\/index.php?rest_route=\/wp\/v2\/users\/1"}],"replies":[{"embeddable":true,"href":"https:\/\/www.egemtv.com\/index.php?rest_route=%2Fwp%2Fv2%2Fcomments&post=21339"}],"version-history":[{"count":1,"href":"https:\/\/www.egemtv.com\/index.php?rest_route=\/wp\/v2\/posts\/21339\/revisions"}],"predecessor-version":[{"id":21347,"href":"https:\/\/www.egemtv.com\/index.php?rest_route=\/wp\/v2\/posts\/21339\/revisions\/21347"}],"wp:featuredmedia":[{"embeddable":true,"href":"https:\/\/www.egemtv.com\/index.php?rest_route=\/wp\/v2\/media\/21340"}],"wp:attachment":[{"href":"https:\/\/www.egemtv.com\/index.php?rest_route=%2Fwp%2Fv2%2Fmedia&parent=21339"}],"wp:term":[{"taxonomy":"category","embeddable":true,"href":"https:\/\/www.egemtv.com\/index.php?rest_route=%2Fwp%2Fv2%2Fcategories&post=21339"},{"taxonomy":"post_tag","embeddable":true,"href":"https:\/\/www.egemtv.com\/index.php?rest_route=%2Fwp%2Fv2%2Ftags&post=21339"}],"curies":[{"name":"wp","href":"https:\/\/api.w.org\/{rel}","templated":true}]}}