{"id":21329,"date":"2025-02-21T13:33:06","date_gmt":"2025-02-21T10:33:06","guid":{"rendered":"https:\/\/www.egemtv.com\/?p=21329"},"modified":"2025-02-21T13:33:14","modified_gmt":"2025-02-21T10:33:14","slug":"baskan-turguttan-turgutluya-ergenekon-kavsagi-icin-mujdeli-haber","status":"publish","type":"post","link":"https:\/\/www.egemtv.com\/?p=21329","title":{"rendered":"Ba\u015fkan Turgut\u2019tan, Turgutlu\u2019ya Ergenekon Kav\u015fa\u011f\u0131 i\u00e7in m\u00fcjdeli haber"},"content":{"rendered":"<p>AK Parti Manisa \u0130l Ba\u015fkan\u0131 S\u00fcleyman Turgut, Turgutlu il\u00e7esinde yap\u0131m\u0131 planlanan Ergenekon Kav\u015fa\u011f\u0131 Projesi i\u00e7in Ula\u015ft\u0131rma ve Altyap\u0131 Bakan\u0131 Abdulkadir Uralo\u011flu ile bir g\u00f6r\u00fc\u015fme ger\u00e7ekle\u015ftirerek Manisa B\u00fcy\u00fck\u015fehir Belediyesi taraf\u0131ndan yap\u0131lacak olan proje i\u00e7in yeni ad\u0131mlar at\u0131larak projenin ger\u00e7ekle\u015fmesinde katk\u0131 sa\u011flayacaklar\u0131n\u0131 s\u00f6yledi.<br \/>\n<br \/>AK Parti Manisa \u0130l Ba\u015fkan\u0131 S\u00fcleyman Turgut, AK Parti Manisa Milletvekili Grup Ba\u015fkanvekili Bahad\u0131r Yeni\u015fehirlio\u011flu, AK Parti MKYK \u00fcyesi Ahmet M\u00fccahit Ar\u0131n\u00e7 , AK Parti Te\u015fkilat Ba\u015fkan Yard\u0131mc\u0131s\u0131 Murat Baybatur, ve Milletvekili Tamer Akkal Ankara\u2019da g\u00f6r\u00fc\u015fmeler ger\u00e7ekle\u015ftirdi.<br \/>\n<br \/>Manisa\u2019n\u0131n Turgutlu il\u00e7esine Manisa B\u00fcy\u00fck\u015fehir Belediyesi taraf\u0131ndan yap\u0131lmas\u0131 planlanan Ergenekon Kav\u015fa\u011f\u0131 Alt Ge\u00e7it Projesi i\u00e7in Ula\u015ft\u0131rma ve Altyap\u0131 Bakan\u0131 Abdulkadir Uralo\u011flu ile g\u00f6r\u00fc\u015fen AK Parti Manisa Te\u015fkilat\u0131, Bakan Uralo\u011flu\u2019nun talimat\u0131 ile Genel M\u00fcd\u00fcrl\u00fc\u011fe giderek konu hakk\u0131nda giri\u015fimlerde bulundu.<br \/>\n<br \/>Konuyla ilgili bir a\u00e7\u0131klamada bulunan AK Parti Manisa \u0130l Ba\u015fkan\u0131 S\u00fcleyman Turgut, &#8220;\u0130lk g\u00fcn s\u00f6yledi\u011fimiz yerdeyiz, memleketimiz i\u00e7in yap\u0131lacak olan her g\u00fczel i\u015fin i\u00e7inde, yan\u0131nda, arkas\u0131nda olaca\u011f\u0131z, bu ister belediye olsun ister her hangi bir kurum olsun. Manisa Milletvekillerimiz ile birlikte Ankara\u2019da bir dizi g\u00f6r\u00fc\u015fmelerde bulunduk, \u00f6ncelikle Ula\u015ft\u0131rma ve Altyap\u0131 Bakan\u0131m\u0131z Say\u0131n Abdulkadir Uralo\u011flu ile ger\u00e7ekle\u015ftirdi\u011fimiz g\u00f6r\u00fc\u015fmede Turgutlu Ergenekon Kav\u015fa\u011f\u0131 ile ilgili konuyu g\u00fcndeme getirdik, Bakan\u0131m\u0131z\u0131n y\u00f6nlendirmesiyle baz\u0131 g\u00f6r\u00fc\u015fmeler daha ger\u00e7ekle\u015ftirerek Turgutlu Ergenekon Kav\u015fa\u011f\u0131n\u0131n yap\u0131m\u0131 ile ilgili Ula\u015ft\u0131rma Bakanl\u0131\u011f\u0131m\u0131z ve Manisa B\u00fcy\u00fck\u015fehir Belediyesi ile ilgili protokol s\u00fcreci g\u00f6r\u00fc\u015fmelerimiz neticesinde ba\u015flad\u0131, memleketimize hay\u0131rl\u0131 olsun. Biz ilk g\u00fcn s\u00f6yledi\u011fimiz yerdeyiz, Allah\u2019\u0131n izniyle memleketimiz i\u00e7in yap\u0131lacak olan her g\u00fczel i\u015fin i\u00e7inde, yan\u0131nda, arkas\u0131nda olaca\u011f\u0131z, bu ister belediye olsun ister her hangi bir kurum olsun.&#8221; \u015feklinde konu\u015ftu.<br \/><\/p>\n","protected":false},"excerpt":{"rendered":"<p>AK Parti Manisa \u0130l Ba\u015fkan\u0131 S\u00fcleyman Turgut, Turgutlu il\u00e7esinde yap\u0131m\u0131 planlanan Ergenekon Kav\u015fa\u011f\u0131 Projesi i\u00e7in Ula\u015ft\u0131rma ve Altyap\u0131 Bakan\u0131 Abdulkadir Uralo\u011flu ile bir g\u00f6r\u00fc\u015fme ger\u00e7ekle\u015ftirerek Manisa B\u00fcy\u00fck\u015fehir Belediyesi taraf\u0131ndan yap\u0131lacak olan proje i\u00e7in yeni ad\u0131mlar at\u0131larak projenin ger\u00e7ekle\u015fmesinde katk\u0131 sa\u011flayacaklar\u0131n\u0131 s\u00f6yledi. AK Parti Manisa \u0130l Ba\u015fkan\u0131 S\u00fcleyman Turgut, AK Parti Manisa Milletvekili Grup Ba\u015fkanvekili Bahad\u0131r&#8230;<\/p>\n","protected":false},"author":1,"featured_media":21330,"comment_status":"open","ping_status":"open","sticky":false,"template":"","format":"standard","meta":{"_crdt_document":"","footnotes":""},"categories":[127],"tags":[],"class_list":["post-21329","post","type-post","status-publish","format-standard","has-post-thumbnail","hentry","category-siyaset"],"_links":{"self":[{"href":"https:\/\/www.egemtv.com\/index.php?rest_route=\/wp\/v2\/posts\/21329","targetHints":{"allow":["GET"]}}],"collection":[{"href":"https:\/\/www.egemtv.com\/index.php?rest_route=\/wp\/v2\/posts"}],"about":[{"href":"https:\/\/www.egemtv.com\/index.php?rest_route=\/wp\/v2\/types\/post"}],"author":[{"embeddable":true,"href":"https:\/\/www.egemtv.com\/index.php?rest_route=\/wp\/v2\/users\/1"}],"replies":[{"embeddable":true,"href":"https:\/\/www.egemtv.com\/index.php?rest_route=%2Fwp%2Fv2%2Fcomments&post=21329"}],"version-history":[{"count":1,"href":"https:\/\/www.egemtv.com\/index.php?rest_route=\/wp\/v2\/posts\/21329\/revisions"}],"predecessor-version":[{"id":21335,"href":"https:\/\/www.egemtv.com\/index.php?rest_route=\/wp\/v2\/posts\/21329\/revisions\/21335"}],"wp:featuredmedia":[{"embeddable":true,"href":"https:\/\/www.egemtv.com\/index.php?rest_route=\/wp\/v2\/media\/21330"}],"wp:attachment":[{"href":"https:\/\/www.egemtv.com\/index.php?rest_route=%2Fwp%2Fv2%2Fmedia&parent=21329"}],"wp:term":[{"taxonomy":"category","embeddable":true,"href":"https:\/\/www.egemtv.com\/index.php?rest_route=%2Fwp%2Fv2%2Fcategories&post=21329"},{"taxonomy":"post_tag","embeddable":true,"href":"https:\/\/www.egemtv.com\/index.php?rest_route=%2Fwp%2Fv2%2Ftags&post=21329"}],"curies":[{"name":"wp","href":"https:\/\/api.w.org\/{rel}","templated":true}]}}