{"id":21323,"date":"2025-02-21T13:08:50","date_gmt":"2025-02-21T10:08:50","guid":{"rendered":"https:\/\/www.egemtv.com\/?p=21323"},"modified":"2025-02-21T13:08:57","modified_gmt":"2025-02-21T10:08:57","slug":"bayraklida-pazar-yerleri-yenileniyor","status":"publish","type":"post","link":"https:\/\/www.egemtv.com\/?p=21323","title":{"rendered":"Bayrakl\u0131\u2019da pazar yerleri yenileniyor"},"content":{"rendered":"<p>Bayrakl\u0131 Belediyesi, vatanda\u015flara daha sa\u011fl\u0131kl\u0131 ve konforlu bir al\u0131\u015fveri\u015f ortam\u0131, esnafa daha iyi ko\u015fullarda hizmet imkan\u0131 sunmak amac\u0131yla Osmangazi Pazar Yeri\u2019ni ba\u015ftan sona yeniledi.<br \/>\n<br \/>Bayrakl\u0131 Belediyesi, il\u00e7edeki t\u00fcm pazar yerlerini modern, konforlu ve g\u00fcvenli hale getirmek amac\u0131yla bak\u0131m ve yenileme \u00e7al\u0131\u015fmas\u0131 ba\u015flatt\u0131. Bu kapsamda Fen \u0130\u015fleri m\u00fcd\u00fcrl\u00fc\u011f\u00fc ekipleri, Osmangazi Pazar Yeri\u2019ni ba\u015ftan sona boyad\u0131, elektrik ve su tesisatlar\u0131n\u0131 tamir ederek, ayd\u0131nlatma sistemlerini de\u011fi\u015ftirdi. \u0130l\u00e7e genelinde devam eden faaliyetlerin, belirlenen program do\u011frultusunda il\u00e7edeki di\u011fer pazar yerlerinde de d\u00fczenli olarak devam edece\u011fi belirtildi. \u00c7al\u0131\u015fmalar, vatanda\u015f ve esnaf taraf\u0131ndan memnuniyetle kar\u015f\u0131land\u0131.<br \/>\n<br \/>Bayrakl\u0131 Belediye Ba\u015fkan\u0131 \u0130rfan \u00d6nal, &#8220;Pazar yerlerimiz, hem vatanda\u015flar\u0131m\u0131z\u0131n hem de esnaf\u0131m\u0131z\u0131n g\u00fcnl\u00fck ya\u015fam\u0131nda \u00f6nemli bir yer tutuyor. Daha temiz, d\u00fczenli ve g\u00fcvenli pazar alanlar\u0131 olu\u015fturarak al\u0131\u015fveri\u015f ortam\u0131n\u0131 iyile\u015ftirmek istiyoruz. Esnaf\u0131m\u0131z\u0131n daha iyi ko\u015fullarda hizmet vermesi ve vatanda\u015flar\u0131m\u0131z\u0131n da rahat\u00e7a al\u0131\u015fveri\u015f yapabilmesi i\u00e7in imkanlar\u0131m\u0131z dahilinde bak\u0131m ve onar\u0131m \u00e7al\u0131\u015fmalar\u0131m\u0131z\u0131 s\u00fcrd\u00fcrece\u011fiz. Halk\u0131m\u0131z\u0131n taleplerini dikkate alarak pazar yerlerimizi modernize etmeye devam edece\u011fiz&#8221; dedi.<br \/><\/p>\n","protected":false},"excerpt":{"rendered":"<p>Bayrakl\u0131 Belediyesi, vatanda\u015flara daha sa\u011fl\u0131kl\u0131 ve konforlu bir al\u0131\u015fveri\u015f ortam\u0131, esnafa daha iyi ko\u015fullarda hizmet imkan\u0131 sunmak amac\u0131yla Osmangazi Pazar Yeri\u2019ni ba\u015ftan sona yeniledi. Bayrakl\u0131 Belediyesi, il\u00e7edeki t\u00fcm pazar yerlerini modern, konforlu ve g\u00fcvenli hale getirmek amac\u0131yla bak\u0131m ve yenileme \u00e7al\u0131\u015fmas\u0131 ba\u015flatt\u0131. Bu kapsamda Fen \u0130\u015fleri m\u00fcd\u00fcrl\u00fc\u011f\u00fc ekipleri, Osmangazi Pazar Yeri\u2019ni ba\u015ftan sona boyad\u0131, elektrik&#8230;<\/p>\n","protected":false},"author":1,"featured_media":21324,"comment_status":"open","ping_status":"open","sticky":false,"template":"","format":"standard","meta":{"_crdt_document":"","footnotes":""},"categories":[1],"tags":[],"class_list":["post-21323","post","type-post","status-publish","format-standard","has-post-thumbnail","hentry","category-guncel"],"_links":{"self":[{"href":"https:\/\/www.egemtv.com\/index.php?rest_route=\/wp\/v2\/posts\/21323","targetHints":{"allow":["GET"]}}],"collection":[{"href":"https:\/\/www.egemtv.com\/index.php?rest_route=\/wp\/v2\/posts"}],"about":[{"href":"https:\/\/www.egemtv.com\/index.php?rest_route=\/wp\/v2\/types\/post"}],"author":[{"embeddable":true,"href":"https:\/\/www.egemtv.com\/index.php?rest_route=\/wp\/v2\/users\/1"}],"replies":[{"embeddable":true,"href":"https:\/\/www.egemtv.com\/index.php?rest_route=%2Fwp%2Fv2%2Fcomments&post=21323"}],"version-history":[{"count":1,"href":"https:\/\/www.egemtv.com\/index.php?rest_route=\/wp\/v2\/posts\/21323\/revisions"}],"predecessor-version":[{"id":21325,"href":"https:\/\/www.egemtv.com\/index.php?rest_route=\/wp\/v2\/posts\/21323\/revisions\/21325"}],"wp:featuredmedia":[{"embeddable":true,"href":"https:\/\/www.egemtv.com\/index.php?rest_route=\/wp\/v2\/media\/21324"}],"wp:attachment":[{"href":"https:\/\/www.egemtv.com\/index.php?rest_route=%2Fwp%2Fv2%2Fmedia&parent=21323"}],"wp:term":[{"taxonomy":"category","embeddable":true,"href":"https:\/\/www.egemtv.com\/index.php?rest_route=%2Fwp%2Fv2%2Fcategories&post=21323"},{"taxonomy":"post_tag","embeddable":true,"href":"https:\/\/www.egemtv.com\/index.php?rest_route=%2Fwp%2Fv2%2Ftags&post=21323"}],"curies":[{"name":"wp","href":"https:\/\/api.w.org\/{rel}","templated":true}]}}