{"id":21317,"date":"2025-02-21T13:07:35","date_gmt":"2025-02-21T10:07:35","guid":{"rendered":"https:\/\/www.egemtv.com\/?p=21317"},"modified":"2025-02-21T13:07:45","modified_gmt":"2025-02-21T10:07:45","slug":"yenilenen-okullarda-egitim-24-subatta-basliyor","status":"publish","type":"post","link":"https:\/\/www.egemtv.com\/?p=21317","title":{"rendered":"Yenilenen okullarda e\u011fitim 24 \u015eubat\u2019ta ba\u015fl\u0131yor"},"content":{"rendered":"<p>Manisa\u2019n\u0131n Kula il\u00e7esinde, 2019-2020 e\u011fitim-\u00f6\u011fretim y\u0131l\u0131n\u0131n ikinci d\u00f6neminde deprem tahkik raporlar\u0131 do\u011frultusunda y\u0131k\u0131m karar\u0131 al\u0131nan 4 Eyl\u00fcl Ahmet ve Sabahat \u00d6zmen Ortaokulu ve Kula Tapduk Emre \u0130lkokulu\u2019nun yeniden in\u015fa s\u00fcreci tamamland\u0131. Kula Kaymakam\u0131 \u00d6mer Ahmet \u00d6zdemir, beraberindeki heyet ile birlikte okullardaki son kontrolleri yap\u0131p, yeni okullarda e\u011fitim \u00f6\u011fretim faaliyetlerinin 24 \u015eubat Pazartesi g\u00fcn\u00fc ba\u015flayaca\u011f\u0131n\u0131 duyurdu.<br \/>\n<br \/>4 Eyl\u00fcl Ahmet ve Sabahat \u00d6zmen Ortaokulu ve Kula Tapduk Emre \u0130lkokulu, 2020 y\u0131l\u0131n\u0131n ba\u015flar\u0131nda riskli deprem hatt\u0131nda bulunan Manisa ve \u00e7evresinde ya\u015fanan depremlerin ard\u0131ndan ba\u015flat\u0131lan deprem tahkik raporlar\u0131 \u00e7er\u00e7evesinde deprem riski ta\u015f\u0131yan okul olarak tespit edilmi\u015f ve y\u0131k\u0131lmas\u0131 i\u00e7in \u00e7al\u0131\u015fmalara ba\u015flanm\u0131\u015ft\u0131. 2020 y\u0131l\u0131ndan bu yana in\u015fas\u0131 s\u00fcren okullarda art\u0131k sona gelindi. \u0130n\u015fa s\u00fcreci tamamlanan okullar ince i\u015f\u00e7ilikleri, elektrik, su ve do\u011falgaz aboneliklerinin al\u0131nmas\u0131n\u0131n ard\u0131ndan e\u011fitim \u00f6\u011fretim faaliyetleri i\u00e7in haz\u0131r hale geldi. Kula Kaymakam\u0131 \u00d6mer Ahmet \u00d6zdemir, beraberindeki AK Parti Kula \u0130l\u00e7e Ba\u015fkan\u0131 Nejat G\u00fclmez, \u0130l\u00e7e Milli E\u011fitim M\u00fcd\u00fcr\u00fc Zakir Okulmu\u015f ve okul m\u00fcd\u00fcrleri ile birlikte in\u015fa s\u00fcreci tamamlanan okullarda son kontrolleri yapt\u0131.<br \/>\n<br \/>E\u011fitim ve \u00f6\u011fretim faaliyetleri i\u00e7in bir sorun kalmayan okullar\u0131n art\u0131k \u00f6\u011frencilerle bulu\u015fma vakti geldi\u011fini dile getiren Kula Kaymakam\u0131 \u00d6mer Ahmet \u00d6zdemir, 4 Eyl\u00fcl Ahmet ve Sabahat \u00d6zmen Ortaokulu ve Tapduk Emre \u0130lkokulu\u2019nda 24 \u015eubat Pazartesi g\u00fcn\u00fcnden itibaren e\u011fitim \u00f6\u011fretim faaliyetlerine ba\u015flayaca\u011f\u0131n\u0131 m\u00fcjdeledi. Hem \u00f6\u011frenciler, hem de veliler i\u00e7in yeni okullar\u0131n hay\u0131rl\u0131 olmas\u0131n\u0131 temenni eden Kaymakam \u00d6zdemir, okullar\u0131n yap\u0131m\u0131nda eme\u011fi ge\u00e7enlere te\u015fekk\u00fcr etti.<br \/><\/p>\n","protected":false},"excerpt":{"rendered":"<p>Manisa\u2019n\u0131n Kula il\u00e7esinde, 2019-2020 e\u011fitim-\u00f6\u011fretim y\u0131l\u0131n\u0131n ikinci d\u00f6neminde deprem tahkik raporlar\u0131 do\u011frultusunda y\u0131k\u0131m karar\u0131 al\u0131nan 4 Eyl\u00fcl Ahmet ve Sabahat \u00d6zmen Ortaokulu ve Kula Tapduk Emre \u0130lkokulu\u2019nun yeniden in\u015fa s\u00fcreci tamamland\u0131. Kula Kaymakam\u0131 \u00d6mer Ahmet \u00d6zdemir, beraberindeki heyet ile birlikte okullardaki son kontrolleri yap\u0131p, yeni okullarda e\u011fitim \u00f6\u011fretim faaliyetlerinin 24 \u015eubat Pazartesi g\u00fcn\u00fc ba\u015flayaca\u011f\u0131n\u0131 duyurdu&#8230;.<\/p>\n","protected":false},"author":1,"featured_media":21318,"comment_status":"open","ping_status":"open","sticky":false,"template":"","format":"standard","meta":{"_crdt_document":"","footnotes":""},"categories":[1],"tags":[],"class_list":["post-21317","post","type-post","status-publish","format-standard","has-post-thumbnail","hentry","category-guncel"],"_links":{"self":[{"href":"https:\/\/www.egemtv.com\/index.php?rest_route=\/wp\/v2\/posts\/21317","targetHints":{"allow":["GET"]}}],"collection":[{"href":"https:\/\/www.egemtv.com\/index.php?rest_route=\/wp\/v2\/posts"}],"about":[{"href":"https:\/\/www.egemtv.com\/index.php?rest_route=\/wp\/v2\/types\/post"}],"author":[{"embeddable":true,"href":"https:\/\/www.egemtv.com\/index.php?rest_route=\/wp\/v2\/users\/1"}],"replies":[{"embeddable":true,"href":"https:\/\/www.egemtv.com\/index.php?rest_route=%2Fwp%2Fv2%2Fcomments&post=21317"}],"version-history":[{"count":1,"href":"https:\/\/www.egemtv.com\/index.php?rest_route=\/wp\/v2\/posts\/21317\/revisions"}],"predecessor-version":[{"id":21319,"href":"https:\/\/www.egemtv.com\/index.php?rest_route=\/wp\/v2\/posts\/21317\/revisions\/21319"}],"wp:featuredmedia":[{"embeddable":true,"href":"https:\/\/www.egemtv.com\/index.php?rest_route=\/wp\/v2\/media\/21318"}],"wp:attachment":[{"href":"https:\/\/www.egemtv.com\/index.php?rest_route=%2Fwp%2Fv2%2Fmedia&parent=21317"}],"wp:term":[{"taxonomy":"category","embeddable":true,"href":"https:\/\/www.egemtv.com\/index.php?rest_route=%2Fwp%2Fv2%2Fcategories&post=21317"},{"taxonomy":"post_tag","embeddable":true,"href":"https:\/\/www.egemtv.com\/index.php?rest_route=%2Fwp%2Fv2%2Ftags&post=21317"}],"curies":[{"name":"wp","href":"https:\/\/api.w.org\/{rel}","templated":true}]}}