{"id":21314,"date":"2025-02-21T12:56:53","date_gmt":"2025-02-21T09:56:53","guid":{"rendered":"https:\/\/www.egemtv.com\/?p=21314"},"modified":"2025-02-21T12:56:58","modified_gmt":"2025-02-21T09:56:58","slug":"mezuna-kalan-ogrencilere-ulasimda-indirim","status":"publish","type":"post","link":"https:\/\/www.egemtv.com\/?p=21314","title":{"rendered":"Mezuna kalan \u00f6\u011frencilere ula\u015f\u0131mda indirim"},"content":{"rendered":"<p>Manisa B\u00fcy\u00fck\u015fehir Belediye Ba\u015fkan\u0131 Mimar Ferdi Zeyrek, mezuna kalan \u00f6\u011frencilere verdi\u011fi s\u00f6z\u00fc tuttu. Mezuna kalan \u00f6\u011frenciler bir y\u0131l s\u00fcreyle ula\u015f\u0131mda indirimli olarak &#8220;\u00dcniversiteye Yolculuk Kart\u0131&#8221;ndan yararlanabilecek.<br \/>\n<br \/>Manisa B\u00fcy\u00fck\u015fehir Belediyesi, sosyal belediyecilik hizmetleri ile toplumun t\u00fcm kesimlerine hitap ediyor. B\u00fcy\u00fck\u015fehir Belediye Ba\u015fkan\u0131 Ferdi Zeyrek, Manisa B\u00fcy\u00fck\u015fehir Belediyesi E\u011fitim Merkezi\u2019ne (MABEM) yapt\u0131\u011f\u0131 ziyarette liseyi bitirip \u00fcniversiteye haz\u0131rl\u0131k i\u00e7in mezuna kalan \u00f6\u011frencilerin iste\u011fi \u00fczerine, ula\u015f\u0131mdan indirimli faydalanma s\u00f6z\u00fc vermi\u015fti. Ba\u015fkan Zeyrek, bu s\u00f6z\u00fcn\u00fc de yerine getirdi. Mezuna kalan \u00f6\u011frenciler, \u00dcniversiteye Yolculuk Kartlar\u0131n\u0131, Manisa Kart noktalar\u0131ndan almaya ba\u015flad\u0131. Bir y\u0131l s\u00fcreyle indirimli ula\u015f\u0131m imkan\u0131 sa\u011flayan kartlar\u0131n\u0131 alan \u00f6\u011frenciler, Ba\u015fkan Ferdi Zeyrek\u2019e te\u015fekk\u00fcr etti.<\/p>\n<p>\u00dcniversiteye yolculuk kartlar\u0131 da\u011f\u0131t\u0131lmaya ba\u015flad\u0131<br \/>\n<br \/>Ula\u015f\u0131mda indirimli yolculuktan yararlanacak olan Yaren Yal\u00e7\u0131nkaya, &#8220;Manisa\u2019da otob\u00fcs kartlar\u0131na mezuna kalan \u00f6\u011frencilerde indirim olmuyordu. Tam \u00fccret veriyorduk. Bizim gibi \u00f6\u011frenciler i\u00e7in bu yeni uygulama \u00e7ok iyi bir \u015fey. \u00c7\u00fcnk\u00fc her gidi\u015f geli\u015fimizde \u00f6\u011frenci \u00fccreti vermiyorduk. Mezuna kalan \u00f6\u011frenci ile devam eden \u00f6\u011frenci bir say\u0131lm\u0131yor. Bu a\u00e7\u0131dan ula\u015f\u0131m kartlar\u0131m\u0131zda indirim yap\u0131lmas\u0131 daha sa\u011fl\u0131kl\u0131 oluyor. \u00c7ok s\u0131k otob\u00fcse biniyoruz. Haks\u0131zl\u0131\u011fa u\u011frad\u0131\u011f\u0131m\u0131z\u0131 d\u00fc\u015f\u00fcn\u00fcyordum. Mezun \u00f6\u011frenci olmak ula\u015f\u0131mda fiyat art\u0131\u015f\u0131 demek oluyor. B\u00f6yle olunca da ula\u015f\u0131m daha maliyetli oluyor. Manisa B\u00fcy\u00fck\u015fehir Belediye Ba\u015fkan\u0131 Ferdi Zeyrek\u2019e bize indirim yapt\u0131\u011f\u0131 i\u00e7in te\u015fekk\u00fcr ederim&#8221;  dedi.<br \/>\n<br \/>Ba\u015fvuru noktas\u0131ndan ula\u015f\u0131m kart\u0131n\u0131 alan Ali \u00d6zay, &#8220;\u00d6\u011frenci kart\u0131m\u0131 almaya geldim. Bu konuda haks\u0131zl\u0131\u011fa u\u011frad\u0131\u011f\u0131m\u0131 d\u00fc\u015f\u00fcn\u00fcyordum. Biz de \u00f6\u011frenciyiz. Derslerimize \u00e7al\u0131\u015f\u0131yoruz, bu durumda di\u011fer \u00f6\u011frencilerden neden ayr\u0131ld\u0131\u011f\u0131m\u0131z\u0131 d\u00fc\u015f\u00fcn\u00fcyordum. Ka\u011f\u0131t \u00fczerinde \u00f6\u011frenci g\u00f6r\u00fcnmedi\u011fimiz i\u00e7in bu durum bizim can\u0131m\u0131z\u0131 yak\u0131yordu. Manisa B\u00fcy\u00fck\u015fehir Belediye Ba\u015fkan\u0131 Ferdi Zeyrek\u2019e bizi bu indirimden faydaland\u0131rd\u0131\u011f\u0131 i\u00e7in \u00e7ok te\u015fekk\u00fcr ediyorum&#8221; diye konu\u015ftu.<br \/>\n<br \/>Kendilerinin de di\u011fer \u00f6\u011frenciler gibi olduklar\u0131n\u0131 s\u00f6yleyen K\u00fcbra Avuncan da &#8220;MABEM\u2019de \u00f6\u011frenciyim. Mezuna kald\u0131\u011f\u0131m i\u00e7in \u00f6\u011frenci olarak g\u00f6r\u00fcnm\u00fcyorum. Psikoloji okumak istiyorum. Ferdi Ba\u015fkan\u0131m\u0131z\u0131n bize b\u00f6yle bir kart \u00e7\u0131kartmas\u0131 ekonomik anlamda \u00e7ok iyi oldu. Ula\u015f\u0131m\u0131 s\u00fcrekli olarak kullan\u0131yoruz. 10 liraya yak\u0131n bir indirimden faydalan\u0131yoruz. Biz de tekrar s\u0131nava haz\u0131rlan\u0131yoruz ve \u00f6\u011frenci durumunday\u0131z. \u00c7ok iyi oldu. Manisa B\u00fcy\u00fck\u015fehir Belediye Ba\u015fkan\u0131 Ferdi Zeyrek\u2019e \u00e7ok te\u015fekk\u00fcr ediyoruz&#8221; dedi.<\/p>\n<p>\u00d6\u011frencilere \u00e7a\u011fr\u0131da bulundu<br \/>\n<br \/>B\u00fcy\u00fck\u015fehir Belediye Ba\u015fkan\u0131 Ferdi Zeyrek\u2019in bir s\u00f6z\u00fcn\u00fc daha yerine getirdi\u011finin alt\u0131n\u0131 \u00e7izen MANULA\u015e Manisa Kart Sorumlusu U\u011fur Orak, &#8220;Ba\u015fkan\u0131m\u0131z\u0131n \u00f6\u011frencilere verdi\u011fi s\u00f6zlerden birisiydi. Daha \u00f6nce, mezun olan arkada\u015flar \u00f6\u011frenci indiriminden yararlanam\u0131yordu. \u00dcniversiteye Yolculuk Kart\u0131 projesiyle mezun olduktan sonra 1 y\u0131l s\u00fcreyle \u00f6\u011frenci indiriminden yararlanabilecekler. Mezuna kalm\u0131\u015f ve \u00fcniversiteye haz\u0131rlanan t\u00fcm \u00f6\u011frencilerimiz Manisa Kart noktalar\u0131na gelerek ba\u015fvuru yapabilir&#8221; diye konu\u015ftu.<br \/><\/p>\n","protected":false},"excerpt":{"rendered":"<p>Manisa B\u00fcy\u00fck\u015fehir Belediye Ba\u015fkan\u0131 Mimar Ferdi Zeyrek, mezuna kalan \u00f6\u011frencilere verdi\u011fi s\u00f6z\u00fc tuttu. Mezuna kalan \u00f6\u011frenciler bir y\u0131l s\u00fcreyle ula\u015f\u0131mda indirimli olarak &#8220;\u00dcniversiteye Yolculuk Kart\u0131&#8221;ndan yararlanabilecek. Manisa B\u00fcy\u00fck\u015fehir Belediyesi, sosyal belediyecilik hizmetleri ile toplumun t\u00fcm kesimlerine hitap ediyor. B\u00fcy\u00fck\u015fehir Belediye Ba\u015fkan\u0131 Ferdi Zeyrek, Manisa B\u00fcy\u00fck\u015fehir Belediyesi E\u011fitim Merkezi\u2019ne (MABEM) yapt\u0131\u011f\u0131 ziyarette liseyi bitirip \u00fcniversiteye haz\u0131rl\u0131k&#8230;<\/p>\n","protected":false},"author":1,"featured_media":21315,"comment_status":"open","ping_status":"open","sticky":false,"template":"","format":"standard","meta":{"_crdt_document":"","footnotes":""},"categories":[1],"tags":[],"class_list":["post-21314","post","type-post","status-publish","format-standard","has-post-thumbnail","hentry","category-guncel"],"_links":{"self":[{"href":"https:\/\/www.egemtv.com\/index.php?rest_route=\/wp\/v2\/posts\/21314","targetHints":{"allow":["GET"]}}],"collection":[{"href":"https:\/\/www.egemtv.com\/index.php?rest_route=\/wp\/v2\/posts"}],"about":[{"href":"https:\/\/www.egemtv.com\/index.php?rest_route=\/wp\/v2\/types\/post"}],"author":[{"embeddable":true,"href":"https:\/\/www.egemtv.com\/index.php?rest_route=\/wp\/v2\/users\/1"}],"replies":[{"embeddable":true,"href":"https:\/\/www.egemtv.com\/index.php?rest_route=%2Fwp%2Fv2%2Fcomments&post=21314"}],"version-history":[{"count":1,"href":"https:\/\/www.egemtv.com\/index.php?rest_route=\/wp\/v2\/posts\/21314\/revisions"}],"predecessor-version":[{"id":21316,"href":"https:\/\/www.egemtv.com\/index.php?rest_route=\/wp\/v2\/posts\/21314\/revisions\/21316"}],"wp:featuredmedia":[{"embeddable":true,"href":"https:\/\/www.egemtv.com\/index.php?rest_route=\/wp\/v2\/media\/21315"}],"wp:attachment":[{"href":"https:\/\/www.egemtv.com\/index.php?rest_route=%2Fwp%2Fv2%2Fmedia&parent=21314"}],"wp:term":[{"taxonomy":"category","embeddable":true,"href":"https:\/\/www.egemtv.com\/index.php?rest_route=%2Fwp%2Fv2%2Fcategories&post=21314"},{"taxonomy":"post_tag","embeddable":true,"href":"https:\/\/www.egemtv.com\/index.php?rest_route=%2Fwp%2Fv2%2Ftags&post=21314"}],"curies":[{"name":"wp","href":"https:\/\/api.w.org\/{rel}","templated":true}]}}