{"id":21302,"date":"2025-02-21T12:43:05","date_gmt":"2025-02-21T09:43:05","guid":{"rendered":"https:\/\/www.egemtv.com\/?p=21302"},"modified":"2025-02-21T12:43:10","modified_gmt":"2025-02-21T09:43:10","slug":"didimde-arama-kurtarma-egitimleri-devam-ediyor","status":"publish","type":"post","link":"https:\/\/www.egemtv.com\/?p=21302","title":{"rendered":"Didim\u2019de arama kurtarma e\u011fitimleri devam ediyor"},"content":{"rendered":"<p>Deprem ve afetlere kar\u015f\u0131 haz\u0131rl\u0131kl\u0131 olmak amac\u0131yla Didim Belediyesi koordinasyonunda, Ayd\u0131n \u0130l AFAD M\u00fcd\u00fcrl\u00fc\u011f\u00fc\u2019ne ba\u011fl\u0131 uzman ekiplerce, Arama Kurtarma e\u011fitimleri devam ediyor.<\/p>\n<p>Didim\u2019de afetlere kar\u015f\u0131 her zaman haz\u0131rl\u0131kl\u0131 olmak i\u00e7in ger\u00e7ekle\u015ftirilen e\u011fitimler kapsam\u0131nda, AFAD ekipleri taraf\u0131ndan, Belediye personellerine ve g\u00f6n\u00fcll\u00fc vatanda\u015flara, \u00e7ad\u0131r kurma e\u011fitimi ve yang\u0131nla m\u00fccadele e\u011fitimleri verildi. Bunlar\u0131n yan\u0131 s\u0131ra Didim Belediyesi hizmet binas\u0131nda deprem senaryosu \u00fczerinden bilgilendirme e\u011fitimi ger\u00e7ekle\u015ftirildi.<br \/><\/p>\n","protected":false},"excerpt":{"rendered":"<p>Deprem ve afetlere kar\u015f\u0131 haz\u0131rl\u0131kl\u0131 olmak amac\u0131yla Didim Belediyesi koordinasyonunda, Ayd\u0131n \u0130l AFAD M\u00fcd\u00fcrl\u00fc\u011f\u00fc\u2019ne ba\u011fl\u0131 uzman ekiplerce, Arama Kurtarma e\u011fitimleri devam ediyor. Didim\u2019de afetlere kar\u015f\u0131 her zaman haz\u0131rl\u0131kl\u0131 olmak i\u00e7in ger\u00e7ekle\u015ftirilen e\u011fitimler kapsam\u0131nda, AFAD ekipleri taraf\u0131ndan, Belediye personellerine ve g\u00f6n\u00fcll\u00fc vatanda\u015flara, \u00e7ad\u0131r kurma e\u011fitimi ve yang\u0131nla m\u00fccadele e\u011fitimleri verildi. Bunlar\u0131n yan\u0131 s\u0131ra Didim Belediyesi hizmet&#8230;<\/p>\n","protected":false},"author":1,"featured_media":21303,"comment_status":"open","ping_status":"open","sticky":false,"template":"","format":"standard","meta":{"_crdt_document":"","footnotes":""},"categories":[1],"tags":[],"class_list":["post-21302","post","type-post","status-publish","format-standard","has-post-thumbnail","hentry","category-guncel"],"_links":{"self":[{"href":"https:\/\/www.egemtv.com\/index.php?rest_route=\/wp\/v2\/posts\/21302","targetHints":{"allow":["GET"]}}],"collection":[{"href":"https:\/\/www.egemtv.com\/index.php?rest_route=\/wp\/v2\/posts"}],"about":[{"href":"https:\/\/www.egemtv.com\/index.php?rest_route=\/wp\/v2\/types\/post"}],"author":[{"embeddable":true,"href":"https:\/\/www.egemtv.com\/index.php?rest_route=\/wp\/v2\/users\/1"}],"replies":[{"embeddable":true,"href":"https:\/\/www.egemtv.com\/index.php?rest_route=%2Fwp%2Fv2%2Fcomments&post=21302"}],"version-history":[{"count":1,"href":"https:\/\/www.egemtv.com\/index.php?rest_route=\/wp\/v2\/posts\/21302\/revisions"}],"predecessor-version":[{"id":21304,"href":"https:\/\/www.egemtv.com\/index.php?rest_route=\/wp\/v2\/posts\/21302\/revisions\/21304"}],"wp:featuredmedia":[{"embeddable":true,"href":"https:\/\/www.egemtv.com\/index.php?rest_route=\/wp\/v2\/media\/21303"}],"wp:attachment":[{"href":"https:\/\/www.egemtv.com\/index.php?rest_route=%2Fwp%2Fv2%2Fmedia&parent=21302"}],"wp:term":[{"taxonomy":"category","embeddable":true,"href":"https:\/\/www.egemtv.com\/index.php?rest_route=%2Fwp%2Fv2%2Fcategories&post=21302"},{"taxonomy":"post_tag","embeddable":true,"href":"https:\/\/www.egemtv.com\/index.php?rest_route=%2Fwp%2Fv2%2Ftags&post=21302"}],"curies":[{"name":"wp","href":"https:\/\/api.w.org\/{rel}","templated":true}]}}