{"id":21299,"date":"2025-02-21T12:41:18","date_gmt":"2025-02-21T09:41:18","guid":{"rendered":"https:\/\/www.egemtv.com\/?p=21299"},"modified":"2025-02-21T12:41:22","modified_gmt":"2025-02-21T09:41:22","slug":"turgutluya-iki-yeni-okul-mujdesi","status":"publish","type":"post","link":"https:\/\/www.egemtv.com\/?p=21299","title":{"rendered":"Turgutlu\u2019ya iki yeni okul m\u00fcjdesi"},"content":{"rendered":"<p>AK Parti Turgutlu \u0130l\u00e7e Ba\u015fkan\u0131 \u00d6mer Can Temizel, Selvilitepe ve 7 Eyl\u00fcl mahallelerinde yeni okul binalar\u0131 in\u015fa edilece\u011fini s\u00f6yledi.<br \/>\n<br \/>Manisa\u2019n\u0131n Turgutlu il\u00e7esine ba\u011fl\u0131 Selvilitepe ve 7 Eyl\u00fcl mahallerine 2 yeni okul yap\u0131lacak. Konuyla ilgili bilgi veren AK Parti Turgutlu \u0130l\u00e7e Ba\u015fkan\u0131 \u00d6mer Can Temizel, Selvilitepe\u2019de 32 s\u0131n\u0131fl\u0131k modern bir ilkokul binas\u0131n\u0131n 2025 y\u0131l\u0131 yat\u0131r\u0131m plan\u0131na al\u0131nd\u0131\u011f\u0131n\u0131 ve okulun ihalesinin 2025 y\u0131l\u0131 i\u00e7inde yap\u0131larak, temel atma t\u00f6renin de ayn\u0131 y\u0131l i\u00e7inde ger\u00e7ekle\u015ftirilece\u011fini s\u00f6yledi.<br \/>\n<br \/>7 Eyl\u00fcl Mahallesi\u2019nin de yeni bir ortaokula kavu\u015faca\u011f\u0131n\u0131 ifade eden Temizel, 24 s\u0131n\u0131fl\u0131 olarak planlanan ortaokul binas\u0131n\u0131n 2025 y\u0131l\u0131 yat\u0131r\u0131m program\u0131na dahil edildi\u011fini belirterek, ihale ve temel atma i\u015flemleri ile birlikte ilkokulda oldu\u011fu gibi ortaokulun da 2025 y\u0131l\u0131 i\u00e7inde in\u015faat\u0131na ba\u015flanaca\u011f\u0131n\u0131 vurgulad\u0131. Temizel, Hilmi Pekcan \u0130lkokulu\u2019nun ek s\u0131n\u0131flar\u0131n\u0131n y\u0131k\u0131l\u0131p yeniden yap\u0131laca\u011f\u0131n\u0131, 7 Eyl\u00fcl Ortaokulu\u2019nun ise daha \u00f6nceden y\u0131k\u0131lan binas\u0131n\u0131n yerine 24 s\u0131n\u0131fl\u0131 yeni bir bina in\u015fa edilece\u011fini s\u00f6zlerine ekledi.<br \/>\n<br \/>Yeni okullar\u0131n hay\u0131rl\u0131 olmas\u0131 temennisinde bulunan Temizel, Turgutlu\u2019da e\u011fitim yat\u0131r\u0131mlar\u0131n\u0131n artarak devam edece\u011finin alt\u0131n\u0131 \u00e7izdi.<br \/><\/p>\n","protected":false},"excerpt":{"rendered":"<p>AK Parti Turgutlu \u0130l\u00e7e Ba\u015fkan\u0131 \u00d6mer Can Temizel, Selvilitepe ve 7 Eyl\u00fcl mahallelerinde yeni okul binalar\u0131 in\u015fa edilece\u011fini s\u00f6yledi. Manisa\u2019n\u0131n Turgutlu il\u00e7esine ba\u011fl\u0131 Selvilitepe ve 7 Eyl\u00fcl mahallerine 2 yeni okul yap\u0131lacak. Konuyla ilgili bilgi veren AK Parti Turgutlu \u0130l\u00e7e Ba\u015fkan\u0131 \u00d6mer Can Temizel, Selvilitepe\u2019de 32 s\u0131n\u0131fl\u0131k modern bir ilkokul binas\u0131n\u0131n 2025 y\u0131l\u0131 yat\u0131r\u0131m plan\u0131na&#8230;<\/p>\n","protected":false},"author":1,"featured_media":21300,"comment_status":"open","ping_status":"open","sticky":false,"template":"","format":"standard","meta":{"_crdt_document":"","footnotes":""},"categories":[1],"tags":[],"class_list":["post-21299","post","type-post","status-publish","format-standard","has-post-thumbnail","hentry","category-guncel"],"_links":{"self":[{"href":"https:\/\/www.egemtv.com\/index.php?rest_route=\/wp\/v2\/posts\/21299","targetHints":{"allow":["GET"]}}],"collection":[{"href":"https:\/\/www.egemtv.com\/index.php?rest_route=\/wp\/v2\/posts"}],"about":[{"href":"https:\/\/www.egemtv.com\/index.php?rest_route=\/wp\/v2\/types\/post"}],"author":[{"embeddable":true,"href":"https:\/\/www.egemtv.com\/index.php?rest_route=\/wp\/v2\/users\/1"}],"replies":[{"embeddable":true,"href":"https:\/\/www.egemtv.com\/index.php?rest_route=%2Fwp%2Fv2%2Fcomments&post=21299"}],"version-history":[{"count":1,"href":"https:\/\/www.egemtv.com\/index.php?rest_route=\/wp\/v2\/posts\/21299\/revisions"}],"predecessor-version":[{"id":21301,"href":"https:\/\/www.egemtv.com\/index.php?rest_route=\/wp\/v2\/posts\/21299\/revisions\/21301"}],"wp:featuredmedia":[{"embeddable":true,"href":"https:\/\/www.egemtv.com\/index.php?rest_route=\/wp\/v2\/media\/21300"}],"wp:attachment":[{"href":"https:\/\/www.egemtv.com\/index.php?rest_route=%2Fwp%2Fv2%2Fmedia&parent=21299"}],"wp:term":[{"taxonomy":"category","embeddable":true,"href":"https:\/\/www.egemtv.com\/index.php?rest_route=%2Fwp%2Fv2%2Fcategories&post=21299"},{"taxonomy":"post_tag","embeddable":true,"href":"https:\/\/www.egemtv.com\/index.php?rest_route=%2Fwp%2Fv2%2Ftags&post=21299"}],"curies":[{"name":"wp","href":"https:\/\/api.w.org\/{rel}","templated":true}]}}