{"id":21296,"date":"2025-02-21T12:41:12","date_gmt":"2025-02-21T09:41:12","guid":{"rendered":"https:\/\/www.egemtv.com\/?p=21296"},"modified":"2025-02-21T12:41:18","modified_gmt":"2025-02-21T09:41:18","slug":"alasehirde-ogretmeni-darp-ettiler","status":"publish","type":"post","link":"https:\/\/www.egemtv.com\/?p=21296","title":{"rendered":"Ala\u015fehir\u2019de \u00f6\u011fretmeni darp ettiler"},"content":{"rendered":"<p>Manisa\u2019n\u0131n Ala\u015fehir il\u00e7esinde iki \u015fah\u0131s taraf\u0131ndan okulda darp edilen Din K\u00fclt\u00fcr\u00fc ve Ahlak Bilgisi \u00d6\u011fretmenine destek vermek i\u00e7in il\u00e7edeki sendikalar ortak bir bas\u0131n a\u00e7\u0131klamas\u0131 yapt\u0131. Sendikalar yapt\u0131klar\u0131 ortak a\u00e7\u0131klamada sald\u0131r\u0131y\u0131 sert bir dille k\u0131nad\u0131.<br \/>\n<br \/>Manisa\u2019n\u0131n Ala\u015fehir il\u00e7esinde d\u00fcn saat 12.00 s\u0131ralar\u0131nda Fatih Ortaokulu\u2019nda g\u00f6revli Resul \u015eahin (32) isimli Din K\u00fclt\u00fcr\u00fc ve Ahlak Bilgisi \u00f6\u011fretmeni, ders saatinde darp edildi. \u0130ddiaya g\u00f6re B.K. (21) saat 12.00 s\u0131ralar\u0131nda Fatih Ortaokulu\u2019na geldi. Do\u011frudan s\u0131n\u0131fa giren B.K., \u00f6\u011fretmen Resul \u015eahin ders i\u015fledi\u011fi s\u0131rada s\u0131n\u0131ftan alarak d\u0131\u015far\u0131ya \u00e7a\u011f\u0131rd\u0131. Kap\u0131n\u0131n \u00f6n\u00fcnde \u00f6\u011fretmenle tart\u0131\u015fmaya ba\u015flayan B.K., \u00d6\u011fretmen Resul \u015eahin\u2019e kafa att\u0131. \u00d6\u011fretmen Resul \u015eahin, B.K.\u2019y\u0131 sakinle\u015ftirmeye \u00e7al\u0131\u015farak, zemin kata indirdi. Bu s\u0131rada okuldaki \u00f6\u011fretmenler ve idareciler de gelerek, B.K.\u2019y\u0131 odaya g\u00f6t\u00fcrd\u00fc. Bu esnada, B.K.\u2019n\u0131n arkada\u015f\u0131 oldu\u011fu \u00f6\u011frenilen G.G. (21) isimli \u015fah\u0131s da okula gelerek do\u011frudan \u00d6\u011fretmen Resul \u015eahin\u2019e sald\u0131rmak istedi. Di\u011fer \u00f6\u011fretmenler G.G.\u2019ye engel olarak ikinci sald\u0131r\u0131 giri\u015fimini engelledi. Durumun emniyete haber verilmesi \u00fczerine okula gelen emniyet ekipleri B.K. ve G.G.\u2019y\u0131 g\u00f6zalt\u0131na ald\u0131. \u00d6\u011fretmen Resul \u015eahin de polis ekipleri taraf\u0131ndan hastaneye g\u00f6t\u00fcr\u00fcld\u00fc. Acil serviste yap\u0131lan muayenede burun kemi\u011finde \u00e7atlak oldu\u011fu belirlenen \u00d6\u011fretmen Resul \u015eahin, zanl\u0131lardan \u015fikayet\u00e7i oldu. Zanl\u0131lar B.K. ve G.G. \u00e7\u0131kar\u0131ld\u0131klar\u0131 mahkeme taraf\u0131ndan tutukland\u0131.<br \/>\n<br \/>\u0130ddiaya g\u00f6re \u00f6\u011fretmen Resul \u015eahin ile B.K.\u2019n\u0131n k\u0131z karde\u015fi aras\u0131nda \u00f6nceki g\u00fcn okul bah\u00e7esinde ya\u015fanan tart\u0131\u015fman\u0131n ard\u0131ndan I.K. isimli k\u0131z \u00f6\u011frenci Abisi B.K.\u2019ya \u2019\u00d6\u011fretmen bana hakaret etti\u2019 diyerek durumu anlatmas\u0131 \u00fczerine B.K.\u2019n\u0131n okula gelerek \u00f6\u011fretmeni darp etti\u011fi \u00f6\u011frenildi.<\/p>\n<p>Sald\u0131r\u0131 sonras\u0131 e\u011fitimciler tek ses oldu<br \/>\n<br \/>Yap\u0131lan sald\u0131r\u0131n\u0131n ard\u0131ndan T\u00fcrk E\u011fitim-Sen Ala\u015fehir \u0130l\u00e7e Ba\u015fkan\u0131 Osman Suat \u00c7ete, E\u011fitim Bir Sen \u0130l\u00e7e Ba\u015fkan\u0131 S\u00fcleyman \u00d6lmez, E\u011fitim Sen Ala\u015fehir \u0130l\u00e7e Ba\u015fkan\u0131 Cihan So\u011fukp\u0131nar ve E\u011fitim \u0130\u015f Sendikas\u0131 Ala\u015fehir \u0130l\u00e7e Ba\u015fkan\u0131 Kaz\u0131m Ate\u015f ortak bas\u0131n a\u00e7\u0131klamas\u0131nda bulundu.<br \/>\n<br \/>Sendika temsilcileri darp edilen \u00f6\u011fretmeni Fatih Ortaokulunda ziyaret ettikten sonra okulun \u00f6n\u00fcnde bas\u0131n a\u00e7\u0131klamas\u0131 yapt\u0131. Bas\u0131n a\u00e7\u0131klamas\u0131n\u0131 okuyan T\u00fcrk E\u011fitim-Sen Ala\u015fehir \u0130l\u00e7e Ba\u015fkan\u0131 Osman Suat \u00c7ete, &#8220;Ya\u015fad\u0131\u011f\u0131m\u0131z \u00fcz\u00fcc\u00fc olay\u0131n ard\u0131ndan derin endi\u015fe i\u00e7erisindeyiz. \u00d6\u011fretmenimiz, bir \u00f6\u011frenci velisi taraf\u0131ndan okul i\u00e7erisinde, s\u0131n\u0131ftan d\u0131\u015far\u0131ya \u00e7a\u011fr\u0131l\u0131p hakaretler edilerek koridorda onlarca \u00f6\u011frenci ve \u00f6\u011fretmen arkada\u015flar\u0131n\u0131n g\u00f6z\u00fc \u00f6n\u00fcnde darp edildi. Bu olay e\u011fitimciler olarak hepimizin can\u0131n\u0131 yakt\u0131. G\u00f6r\u00fcl\u00fcyor ki, e\u011fitim \u00e7al\u0131\u015fanlar\u0131na y\u00f6nelik \u015fiddet olaylar\u0131 m\u00fcnferit eylemler olmaktan \u00e7\u0131km\u0131\u015f, maalesef yayg\u0131n bir toplumsal sorun h\u00e2line gelmi\u015ftir. Bu menfur sald\u0131r\u0131, e\u011fitim \u00e7al\u0131\u015fanlar\u0131n\u0131n g\u00fcvenlik sorununu bir kez daha g\u00f6zler \u00f6n\u00fcne sermi\u015ftir. G\u00f6z g\u00f6re g\u00f6re gelen soruna, g\u00f6z\u00fcm\u00fcz\u00fcn \u00f6n\u00fcnde duran bu soruna, g\u00f6z\u00fcm\u00fcz\u00fc kapayarak \u00e7\u00f6z\u00fcm bulamay\u0131z. Bakanl\u0131\u011f\u0131m\u0131z\u0131n konuyla ilgili gerekli tedbirleri almas\u0131 gerekti\u011fine inan\u0131yoruz. Bizler, \u00f6\u011fretmenlerimize ve e\u011fitim ailemizin her bir ferdine y\u00f6nelen her t\u00fcrl\u00fc \u015fiddeti \u00fclkemizin gelece\u011fi ve varl\u0131\u011f\u0131na yap\u0131lan bir sald\u0131r\u0131 olarak nitelendiriyoruz ve \u015fiddetle k\u0131n\u0131yoruz. Meslekta\u015flar\u0131m\u0131za yap\u0131lan bu t\u00fcr \u00e7irkin sald\u0131r\u0131lar\u0131n son bulmas\u0131 i\u00e7in t\u00fcm g\u00fcc\u00fcm\u00fczle m\u00fccadele etmeye kararl\u0131y\u0131z. \u2019Bana bir harf \u00f6\u011fretenin k\u0131rk y\u0131l k\u00f6lesi olurum\u2019 diyen bir medeniyetin ve \u2019Yeni nesil sizin eseriniz olacakt\u0131r.\u2019 c\u00fcmlesiyle \u00f6\u011fretmenlik mesle\u011fini kutsayan bir gelene\u011fin sahipleri olarak, aram\u0131zdaki her t\u00fcrl\u00fc fikir, d\u00fc\u015f\u00fcnce ayr\u0131l\u0131klar\u0131n\u0131 bir tarafa b\u0131rakarak mesle\u011fimizin onuruna ve meslekta\u015flar\u0131m\u0131z\u0131n  hukukuna bir milyondan fazla mensubu bulunan bir aile havas\u0131nda hep beraber sahip \u00e7\u0131k\u0131yor, yap\u0131lan bu sald\u0131r\u0131y\u0131 \u015fiddetle k\u0131n\u0131yoruz&#8221; ifadelerini kulland\u0131.<br \/><\/p>\n","protected":false},"excerpt":{"rendered":"<p>Manisa\u2019n\u0131n Ala\u015fehir il\u00e7esinde iki \u015fah\u0131s taraf\u0131ndan okulda darp edilen Din K\u00fclt\u00fcr\u00fc ve Ahlak Bilgisi \u00d6\u011fretmenine destek vermek i\u00e7in il\u00e7edeki sendikalar ortak bir bas\u0131n a\u00e7\u0131klamas\u0131 yapt\u0131. Sendikalar yapt\u0131klar\u0131 ortak a\u00e7\u0131klamada sald\u0131r\u0131y\u0131 sert bir dille k\u0131nad\u0131. Manisa\u2019n\u0131n Ala\u015fehir il\u00e7esinde d\u00fcn saat 12.00 s\u0131ralar\u0131nda Fatih Ortaokulu\u2019nda g\u00f6revli Resul \u015eahin (32) isimli Din K\u00fclt\u00fcr\u00fc ve Ahlak Bilgisi \u00f6\u011fretmeni, ders&#8230;<\/p>\n","protected":false},"author":1,"featured_media":21297,"comment_status":"open","ping_status":"open","sticky":false,"template":"","format":"standard","meta":{"_crdt_document":"","footnotes":""},"categories":[5],"tags":[],"class_list":["post-21296","post","type-post","status-publish","format-standard","has-post-thumbnail","hentry","category-asayis"],"_links":{"self":[{"href":"https:\/\/www.egemtv.com\/index.php?rest_route=\/wp\/v2\/posts\/21296","targetHints":{"allow":["GET"]}}],"collection":[{"href":"https:\/\/www.egemtv.com\/index.php?rest_route=\/wp\/v2\/posts"}],"about":[{"href":"https:\/\/www.egemtv.com\/index.php?rest_route=\/wp\/v2\/types\/post"}],"author":[{"embeddable":true,"href":"https:\/\/www.egemtv.com\/index.php?rest_route=\/wp\/v2\/users\/1"}],"replies":[{"embeddable":true,"href":"https:\/\/www.egemtv.com\/index.php?rest_route=%2Fwp%2Fv2%2Fcomments&post=21296"}],"version-history":[{"count":1,"href":"https:\/\/www.egemtv.com\/index.php?rest_route=\/wp\/v2\/posts\/21296\/revisions"}],"predecessor-version":[{"id":21298,"href":"https:\/\/www.egemtv.com\/index.php?rest_route=\/wp\/v2\/posts\/21296\/revisions\/21298"}],"wp:featuredmedia":[{"embeddable":true,"href":"https:\/\/www.egemtv.com\/index.php?rest_route=\/wp\/v2\/media\/21297"}],"wp:attachment":[{"href":"https:\/\/www.egemtv.com\/index.php?rest_route=%2Fwp%2Fv2%2Fmedia&parent=21296"}],"wp:term":[{"taxonomy":"category","embeddable":true,"href":"https:\/\/www.egemtv.com\/index.php?rest_route=%2Fwp%2Fv2%2Fcategories&post=21296"},{"taxonomy":"post_tag","embeddable":true,"href":"https:\/\/www.egemtv.com\/index.php?rest_route=%2Fwp%2Fv2%2Ftags&post=21296"}],"curies":[{"name":"wp","href":"https:\/\/api.w.org\/{rel}","templated":true}]}}